{"id":101,"date":"2026-01-14T23:06:43","date_gmt":"2026-01-14T23:06:43","guid":{"rendered":"https:\/\/dfego.news\/?p=101"},"modified":"2026-01-14T23:07:11","modified_gmt":"2026-01-14T23:07:11","slug":"senadores-da-oposicao-apresentam-pedido-de-impeachment-contra-dias-toffoli","status":"publish","type":"post","link":"https:\/\/dfego.news\/index.php\/2026\/01\/14\/senadores-da-oposicao-apresentam-pedido-de-impeachment-contra-dias-toffoli\/","title":{"rendered":"Senadores da oposi\u00e7\u00e3o apresentam pedido de impeachment contra Dias Toffoli"},"content":{"rendered":"\n<p>Parlamentares da oposi\u00e7\u00e3o ingressaram, nesta quarta-feira (14), com um requerimento no Senado pedindo o afastamento do ministro do Supremo Tribunal Federal (STF) Dias Toffoli. A iniciativa atribui ao magistrado supostas irregularidades na condu\u00e7\u00e3o de decis\u00f5es ligadas a apura\u00e7\u00f5es envolvendo o Banco Master.<\/p>\n\n\n\n<p>Segundo os senadores, as medidas adotadas pelo ministro teriam violado princ\u00edpios b\u00e1sicos da administra\u00e7\u00e3o p\u00fablica, como a imparcialidade e a \u00e9tica institucional. O texto sustenta que houve atua\u00e7\u00e3o incompat\u00edvel com a fun\u00e7\u00e3o judicial, marcada por contatos externos ao processo com representantes da defesa e por decis\u00f5es classificadas como fora do padr\u00e3o.<\/p>\n\n\n\n<p>Entre os epis\u00f3dios citados est\u00e3o a transfer\u00eancia do caso para o STF, a imposi\u00e7\u00e3o de sigilo processual, limita\u00e7\u00f5es ao envio de dados \u00e0 Comiss\u00e3o Parlamentar Mista de Inqu\u00e9rito (CPMI) do INSS e a ordem para que fosse realizada uma acarea\u00e7\u00e3o entre um dirigente do Banco Central e o ex-propriet\u00e1rio do Banco Master, Daniel Vorcaro.<\/p>\n\n\n\n<p>O pedido leva a assinatura dos senadores Magno Malta, Eduardo Gir\u00e3o e Damares Alves, que afirmam haver ind\u00edcios de desvio funcional capaz de comprometer a neutralidade exigida de um ministro da Corte.<\/p>\n\n\n\n<hr class=\"wp-block-separator has-alpha-channel-opacity\"\/>\n\n\n\n<p><\/p>\n\n\n\n<p>?<\/p>\n","protected":false},"excerpt":{"rendered":"<p>Parlamentares da oposi\u00e7\u00e3o ingressaram, nesta quarta-feira (14), com um requerimento no Senado pedindo o afastamento do ministro do Supremo Tribunal&hellip;<\/p>\n","protected":false},"author":2,"featured_media":102,"comment_status":"open","ping_status":"open","sticky":false,"template":"","format":"standard","meta":{"footnotes":""},"categories":[2],"tags":[],"class_list":["post-101","post","type-post","status-publish","format-standard","has-post-thumbnail","hentry","category-brasil"],"_links":{"self":[{"href":"https:\/\/dfego.news\/index.php\/wp-json\/wp\/v2\/posts\/101","targetHints":{"allow":["GET"]}}],"collection":[{"href":"https:\/\/dfego.news\/index.php\/wp-json\/wp\/v2\/posts"}],"about":[{"href":"https:\/\/dfego.news\/index.php\/wp-json\/wp\/v2\/types\/post"}],"author":[{"embeddable":true,"href":"https:\/\/dfego.news\/index.php\/wp-json\/wp\/v2\/users\/2"}],"replies":[{"embeddable":true,"href":"https:\/\/dfego.news\/index.php\/wp-json\/wp\/v2\/comments?post=101"}],"version-history":[{"count":1,"href":"https:\/\/dfego.news\/index.php\/wp-json\/wp\/v2\/posts\/101\/revisions"}],"predecessor-version":[{"id":103,"href":"https:\/\/dfego.news\/index.php\/wp-json\/wp\/v2\/posts\/101\/revisions\/103"}],"wp:featuredmedia":[{"embeddable":true,"href":"https:\/\/dfego.news\/index.php\/wp-json\/wp\/v2\/media\/102"}],"wp:attachment":[{"href":"https:\/\/dfego.news\/index.php\/wp-json\/wp\/v2\/media?parent=101"}],"wp:term":[{"taxonomy":"category","embeddable":true,"href":"https:\/\/dfego.news\/index.php\/wp-json\/wp\/v2\/categories?post=101"},{"taxonomy":"post_tag","embeddable":true,"href":"https:\/\/dfego.news\/index.php\/wp-json\/wp\/v2\/tags?post=101"}],"curies":[{"name":"wp","href":"https:\/\/api.w.org\/{rel}","templated":true}]}}