{"id":107,"date":"2026-01-16T22:17:07","date_gmt":"2026-01-16T22:17:07","guid":{"rendered":"https:\/\/dfego.news\/?p=107"},"modified":"2026-01-16T22:17:07","modified_gmt":"2026-01-16T22:17:07","slug":"mercado-do-flu-negociacoes-por-hulk-e-savarino-esfriam-e-retornos-seguem-em-analise","status":"publish","type":"post","link":"https:\/\/dfego.news\/index.php\/2026\/01\/16\/mercado-do-flu-negociacoes-por-hulk-e-savarino-esfriam-e-retornos-seguem-em-analise\/","title":{"rendered":"Mercado do Flu: negocia\u00e7\u00f5es por Hulk e Savarino esfriam, e retornos seguem em an\u00e1lise"},"content":{"rendered":"\n<p>Ap\u00f3s confirmar as chegadas de <strong>Jemmes<\/strong> e <strong>Guilherme Arana<\/strong>, o Fluminense segue atento \u00e0 janela de transfer\u00eancias, embora algumas negocia\u00e7\u00f5es de peso tenham sido encerradas. O presidente <strong>Mattheus Montenegro<\/strong> comentou o cen\u00e1rio atual e explicou os motivos que impediram novos avan\u00e7os.<\/p>\n\n\n\n<p>O caso mais emblem\u00e1tico foi o de <strong>Hulk<\/strong>, atacante do Atl\u00e9tico Mineiro. As conversas entre os clubes se estenderam por semanas, mas n\u00e3o houve consenso. De acordo com o dirigente, o Fluminense recusou uma das exig\u00eancias feitas pelo clube mineiro, que envolvia participa\u00e7\u00e3o em direitos econ\u00f4micos de atletas formados em Xer\u00e9m. Sem acordo, as tratativas foram interrompidas.<\/p>\n\n\n\n<p>A diretoria ainda tentou reabrir o di\u00e1logo com uma proposta alternativa, desta vez com valores financeiros, mas a sugest\u00e3o n\u00e3o foi aceita. Com isso, o neg\u00f3cio \u00e9 tratado como encerrado, ao menos neste momento.<\/p>\n\n\n\n<p>Situa\u00e7\u00e3o semelhante ocorreu na negocia\u00e7\u00e3o por <strong>Savarino<\/strong>. Mesmo ap\u00f3s entendimento com o Botafogo, as conversas com o jogador n\u00e3o avan\u00e7aram por diverg\u00eancias contratuais, o que levou ao fim das tratativas.<\/p>\n\n\n\n<p>J\u00e1 em rela\u00e7\u00e3o a <strong>Arias<\/strong> e <strong>Nino<\/strong>, o Fluminense mant\u00e9m acompanhamento constante. O colombiano, atualmente no Wolverhampton, tem cl\u00e1usula de prioridade em caso de retorno ao Brasil, enquanto o nome de Nino segue no radar para oportunidades futuras.<\/p>\n","protected":false},"excerpt":{"rendered":"<p>Ap\u00f3s confirmar as chegadas de Jemmes e Guilherme Arana, o Fluminense segue atento \u00e0 janela de transfer\u00eancias, embora algumas negocia\u00e7\u00f5es&hellip;<\/p>\n","protected":false},"author":2,"featured_media":108,"comment_status":"open","ping_status":"open","sticky":false,"template":"","format":"standard","meta":{"footnotes":""},"categories":[3],"tags":[],"class_list":["post-107","post","type-post","status-publish","format-standard","has-post-thumbnail","hentry","category-esporte"],"_links":{"self":[{"href":"https:\/\/dfego.news\/index.php\/wp-json\/wp\/v2\/posts\/107","targetHints":{"allow":["GET"]}}],"collection":[{"href":"https:\/\/dfego.news\/index.php\/wp-json\/wp\/v2\/posts"}],"about":[{"href":"https:\/\/dfego.news\/index.php\/wp-json\/wp\/v2\/types\/post"}],"author":[{"embeddable":true,"href":"https:\/\/dfego.news\/index.php\/wp-json\/wp\/v2\/users\/2"}],"replies":[{"embeddable":true,"href":"https:\/\/dfego.news\/index.php\/wp-json\/wp\/v2\/comments?post=107"}],"version-history":[{"count":1,"href":"https:\/\/dfego.news\/index.php\/wp-json\/wp\/v2\/posts\/107\/revisions"}],"predecessor-version":[{"id":109,"href":"https:\/\/dfego.news\/index.php\/wp-json\/wp\/v2\/posts\/107\/revisions\/109"}],"wp:featuredmedia":[{"embeddable":true,"href":"https:\/\/dfego.news\/index.php\/wp-json\/wp\/v2\/media\/108"}],"wp:attachment":[{"href":"https:\/\/dfego.news\/index.php\/wp-json\/wp\/v2\/media?parent=107"}],"wp:term":[{"taxonomy":"category","embeddable":true,"href":"https:\/\/dfego.news\/index.php\/wp-json\/wp\/v2\/categories?post=107"},{"taxonomy":"post_tag","embeddable":true,"href":"https:\/\/dfego.news\/index.php\/wp-json\/wp\/v2\/tags?post=107"}],"curies":[{"name":"wp","href":"https:\/\/api.w.org\/{rel}","templated":true}]}}