{"id":110,"date":"2026-01-16T22:46:12","date_gmt":"2026-01-16T22:46:12","guid":{"rendered":"https:\/\/dfego.news\/?p=110"},"modified":"2026-01-16T22:46:12","modified_gmt":"2026-01-16T22:46:12","slug":"governo-do-df-reage-a-ataques-contra-onibus-e-promete-identificar-responsaveis","status":"publish","type":"post","link":"https:\/\/dfego.news\/index.php\/2026\/01\/16\/governo-do-df-reage-a-ataques-contra-onibus-e-promete-identificar-responsaveis\/","title":{"rendered":"Governo do DF reage a ataques contra \u00f4nibus e promete identificar respons\u00e1veis"},"content":{"rendered":"\n<p>Uma sequ\u00eancia de ataques contra \u00f4nibus do transporte p\u00fablico do Distrito Federal, registrada na noite de quinta-feira (15\/1), mobilizou for\u00e7as de seguran\u00e7a e deixou passageiros feridos. Os ve\u00edculos foram atingidos por objetos enquanto circulavam por diferentes regi\u00f5es administrativas, causando danos \u00e0 frota e preju\u00edzos \u00e0 opera\u00e7\u00e3o.<\/p>\n\n\n\n<p>A governadora em exerc\u00edcio, Celina Le\u00e3o, afirmou que os atos ser\u00e3o tratados como crime contra a coletividade e garantiu a identifica\u00e7\u00e3o dos respons\u00e1veis. Segundo o governo, a Secretaria de Seguran\u00e7a P\u00fablica e a Pol\u00edcia Civil atuam de forma integrada na apura\u00e7\u00e3o dos fatos.<\/p>\n\n\n\n<p>Dados da concession\u00e1ria Urbi indicam que <strong>57 \u00f4nibus<\/strong> foram danificados durante as ocorr\u00eancias. Sete pessoas tiveram ferimentos leves ap\u00f3s os ataques. Os casos foram registrados em \u00e1reas como Ceil\u00e2ndia, Samambaia, Taguatinga, Recanto das Emas, N\u00facleo Bandeirante e na via EPIA.<\/p>\n\n\n\n<p>A Pol\u00edcia Civil investiga poss\u00edvel rela\u00e7\u00e3o entre os ataques e conflitos trabalhistas recentes envolvendo a empresa. O caso foi registrado na 26\u00aa Delegacia de Pol\u00edcia, em Samambaia Norte. Em nota, a Urbi repudiou os atos e alertou para os riscos \u00e0 popula\u00e7\u00e3o e \u00e0 presta\u00e7\u00e3o de um servi\u00e7o essencial.<\/p>\n","protected":false},"excerpt":{"rendered":"<p>Uma sequ\u00eancia de ataques contra \u00f4nibus do transporte p\u00fablico do Distrito Federal, registrada na noite de quinta-feira (15\/1), mobilizou for\u00e7as&hellip;<\/p>\n","protected":false},"author":2,"featured_media":111,"comment_status":"open","ping_status":"open","sticky":false,"template":"","format":"standard","meta":{"footnotes":""},"categories":[4],"tags":[],"class_list":["post-110","post","type-post","status-publish","format-standard","has-post-thumbnail","hentry","category-brasilia"],"_links":{"self":[{"href":"https:\/\/dfego.news\/index.php\/wp-json\/wp\/v2\/posts\/110","targetHints":{"allow":["GET"]}}],"collection":[{"href":"https:\/\/dfego.news\/index.php\/wp-json\/wp\/v2\/posts"}],"about":[{"href":"https:\/\/dfego.news\/index.php\/wp-json\/wp\/v2\/types\/post"}],"author":[{"embeddable":true,"href":"https:\/\/dfego.news\/index.php\/wp-json\/wp\/v2\/users\/2"}],"replies":[{"embeddable":true,"href":"https:\/\/dfego.news\/index.php\/wp-json\/wp\/v2\/comments?post=110"}],"version-history":[{"count":1,"href":"https:\/\/dfego.news\/index.php\/wp-json\/wp\/v2\/posts\/110\/revisions"}],"predecessor-version":[{"id":112,"href":"https:\/\/dfego.news\/index.php\/wp-json\/wp\/v2\/posts\/110\/revisions\/112"}],"wp:featuredmedia":[{"embeddable":true,"href":"https:\/\/dfego.news\/index.php\/wp-json\/wp\/v2\/media\/111"}],"wp:attachment":[{"href":"https:\/\/dfego.news\/index.php\/wp-json\/wp\/v2\/media?parent=110"}],"wp:term":[{"taxonomy":"category","embeddable":true,"href":"https:\/\/dfego.news\/index.php\/wp-json\/wp\/v2\/categories?post=110"},{"taxonomy":"post_tag","embeddable":true,"href":"https:\/\/dfego.news\/index.php\/wp-json\/wp\/v2\/tags?post=110"}],"curies":[{"name":"wp","href":"https:\/\/api.w.org\/{rel}","templated":true}]}}