{"id":118,"date":"2026-01-19T11:18:48","date_gmt":"2026-01-19T11:18:48","guid":{"rendered":"https:\/\/dfego.news\/?p=118"},"modified":"2026-01-19T11:18:48","modified_gmt":"2026-01-19T11:18:48","slug":"ataques-coordenados-a-onibus-da-urbi-deixam-feridos-e-mobilizam-policia-no-df","status":"publish","type":"post","link":"https:\/\/dfego.news\/index.php\/2026\/01\/19\/ataques-coordenados-a-onibus-da-urbi-deixam-feridos-e-mobilizam-policia-no-df\/","title":{"rendered":"Ataques coordenados a \u00f4nibus da Urbi deixam feridos e mobilizam pol\u00edcia no DF"},"content":{"rendered":"\n<p>A Pol\u00edcia Civil do Distrito Federal iniciou uma investiga\u00e7\u00e3o especial para apurar uma sequ\u00eancia de atos de vandalismo contra \u00f4nibus da empresa Urbi, registrados na noite de quinta-feira em diversas regi\u00f5es do DF. Ao todo, <strong>57 coletivos foram danificados<\/strong> durante os ataques, que tamb\u00e9m deixaram <strong>sete pessoas com ferimentos leves<\/strong>.<\/p>\n\n\n\n<p>As investiga\u00e7\u00f5es come\u00e7aram ainda nas primeiras ocorr\u00eancias, com a forma\u00e7\u00e3o de uma for\u00e7a-tarefa reunindo policiais de diferentes delegacias. A estrat\u00e9gia tem como foco agilizar a identifica\u00e7\u00e3o dos respons\u00e1veis e esclarecer as circunst\u00e2ncias dos crimes, considerados graves por colocarem em risco usu\u00e1rios do transporte p\u00fablico.<\/p>\n\n\n\n<p>Os ataques aconteceram enquanto os ve\u00edculos estavam em circula\u00e7\u00e3o, transportando passageiros. Objetos como pedras e bolinhas de gude foram arremessados contra os \u00f4nibus, causando o rompimento de vidros e espalhando estilha\u00e7os no interior dos coletivos.<\/p>\n\n\n\n<p>As a\u00e7\u00f5es criminosas foram registradas em \u00e1reas como N\u00facleo Bandeirante, Samambaia, Taguatinga, Recanto das Emas e Ceil\u00e2ndia, al\u00e9m da via Epia. A principal linha de apura\u00e7\u00e3o aponta para poss\u00edvel retalia\u00e7\u00e3o ap\u00f3s desligamentos recentes de funcion\u00e1rios da empresa. Segundo a Secretaria de Transporte e Mobilidade, h\u00e1 ind\u00edcios de que o vandalismo tenha sido organizado por um grupo ligado a diverg\u00eancias sindicais. Imagens de c\u00e2meras e dados de localiza\u00e7\u00e3o dos \u00f4nibus j\u00e1 foram repassados \u00e0 pol\u00edcia para auxiliar no inqu\u00e9rito.<\/p>\n\n\n\n<hr class=\"wp-block-separator has-alpha-channel-opacity\"\/>\n","protected":false},"excerpt":{"rendered":"<p>A Pol\u00edcia Civil do Distrito Federal iniciou uma investiga\u00e7\u00e3o especial para apurar uma sequ\u00eancia de atos de vandalismo contra \u00f4nibus&hellip;<\/p>\n","protected":false},"author":2,"featured_media":119,"comment_status":"open","ping_status":"open","sticky":false,"template":"","format":"standard","meta":{"footnotes":""},"categories":[4],"tags":[],"class_list":["post-118","post","type-post","status-publish","format-standard","has-post-thumbnail","hentry","category-brasilia"],"_links":{"self":[{"href":"https:\/\/dfego.news\/index.php\/wp-json\/wp\/v2\/posts\/118","targetHints":{"allow":["GET"]}}],"collection":[{"href":"https:\/\/dfego.news\/index.php\/wp-json\/wp\/v2\/posts"}],"about":[{"href":"https:\/\/dfego.news\/index.php\/wp-json\/wp\/v2\/types\/post"}],"author":[{"embeddable":true,"href":"https:\/\/dfego.news\/index.php\/wp-json\/wp\/v2\/users\/2"}],"replies":[{"embeddable":true,"href":"https:\/\/dfego.news\/index.php\/wp-json\/wp\/v2\/comments?post=118"}],"version-history":[{"count":1,"href":"https:\/\/dfego.news\/index.php\/wp-json\/wp\/v2\/posts\/118\/revisions"}],"predecessor-version":[{"id":120,"href":"https:\/\/dfego.news\/index.php\/wp-json\/wp\/v2\/posts\/118\/revisions\/120"}],"wp:featuredmedia":[{"embeddable":true,"href":"https:\/\/dfego.news\/index.php\/wp-json\/wp\/v2\/media\/119"}],"wp:attachment":[{"href":"https:\/\/dfego.news\/index.php\/wp-json\/wp\/v2\/media?parent=118"}],"wp:term":[{"taxonomy":"category","embeddable":true,"href":"https:\/\/dfego.news\/index.php\/wp-json\/wp\/v2\/categories?post=118"},{"taxonomy":"post_tag","embeddable":true,"href":"https:\/\/dfego.news\/index.php\/wp-json\/wp\/v2\/tags?post=118"}],"curies":[{"name":"wp","href":"https:\/\/api.w.org\/{rel}","templated":true}]}}