{"id":123,"date":"2026-01-19T11:42:36","date_gmt":"2026-01-19T11:42:36","guid":{"rendered":"https:\/\/dfego.news\/?p=123"},"modified":"2026-01-19T11:45:51","modified_gmt":"2026-01-19T11:45:51","slug":"negociacao-entre-sao-paulo-e-corinthians-por-alisson-segue-em-andamento","status":"publish","type":"post","link":"https:\/\/dfego.news\/index.php\/2026\/01\/19\/negociacao-entre-sao-paulo-e-corinthians-por-alisson-segue-em-andamento\/","title":{"rendered":"Negocia\u00e7\u00e3o entre S\u00e3o Paulo e Corinthians por Alisson segue em andamento"},"content":{"rendered":"\n<p>A poss\u00edvel transfer\u00eancia de Alisson para o Corinthians foi reconhecida publicamente por Hern\u00e1n Crespo ap\u00f3s o cl\u00e1ssico deste domingo (18), encerrado em 1 a 1, na Neo Qu\u00edmica Arena. O treinador do S\u00e3o Paulo indicou que o clube n\u00e3o pretende dificultar a sa\u00edda de atletas que n\u00e3o estejam totalmente alinhados com o momento da equipe.<\/p>\n\n\n\n<p>De acordo com o comandante argentino, o Tricolor n\u00e3o trabalha com a hip\u00f3tese de receber jogadores do rival paulista como contrapartida. A avalia\u00e7\u00e3o interna \u00e9 de que o elenco deve contar apenas com profissionais plenamente comprometidos com o projeto esportivo.<\/p>\n\n\n\n<p>Aos 32 anos, Alisson n\u00e3o participou das duas \u00faltimas partidas do S\u00e3o Paulo em raz\u00e3o das negocia\u00e7\u00f5es em curso. No Corinthians, Dorival J\u00fanior acompanha de perto a situa\u00e7\u00e3o e v\u00ea no meia uma op\u00e7\u00e3o importante para refor\u00e7ar o grupo.<\/p>\n\n\n\n<p>O t\u00e9cnico corintiano, entretanto, descartou qualquer oferta envolvendo atletas do clube alvinegro. As conversas entre as diretorias continuam e podem culminar em diferentes formatos de acordo, como venda direta ou empr\u00e9stimo com cl\u00e1usula de compra. Mesmo com v\u00ednculo afetivo com o S\u00e3o Paulo, Alisson perdeu protagonismo desde a chegada de Crespo.<\/p>\n","protected":false},"excerpt":{"rendered":"<p>A poss\u00edvel transfer\u00eancia de Alisson para o Corinthians foi reconhecida publicamente por Hern\u00e1n Crespo ap\u00f3s o cl\u00e1ssico deste domingo (18),&hellip;<\/p>\n","protected":false},"author":2,"featured_media":128,"comment_status":"open","ping_status":"open","sticky":false,"template":"","format":"standard","meta":{"footnotes":""},"categories":[3],"tags":[],"class_list":["post-123","post","type-post","status-publish","format-standard","has-post-thumbnail","hentry","category-esporte"],"_links":{"self":[{"href":"https:\/\/dfego.news\/index.php\/wp-json\/wp\/v2\/posts\/123","targetHints":{"allow":["GET"]}}],"collection":[{"href":"https:\/\/dfego.news\/index.php\/wp-json\/wp\/v2\/posts"}],"about":[{"href":"https:\/\/dfego.news\/index.php\/wp-json\/wp\/v2\/types\/post"}],"author":[{"embeddable":true,"href":"https:\/\/dfego.news\/index.php\/wp-json\/wp\/v2\/users\/2"}],"replies":[{"embeddable":true,"href":"https:\/\/dfego.news\/index.php\/wp-json\/wp\/v2\/comments?post=123"}],"version-history":[{"count":2,"href":"https:\/\/dfego.news\/index.php\/wp-json\/wp\/v2\/posts\/123\/revisions"}],"predecessor-version":[{"id":127,"href":"https:\/\/dfego.news\/index.php\/wp-json\/wp\/v2\/posts\/123\/revisions\/127"}],"wp:featuredmedia":[{"embeddable":true,"href":"https:\/\/dfego.news\/index.php\/wp-json\/wp\/v2\/media\/128"}],"wp:attachment":[{"href":"https:\/\/dfego.news\/index.php\/wp-json\/wp\/v2\/media?parent=123"}],"wp:term":[{"taxonomy":"category","embeddable":true,"href":"https:\/\/dfego.news\/index.php\/wp-json\/wp\/v2\/categories?post=123"},{"taxonomy":"post_tag","embeddable":true,"href":"https:\/\/dfego.news\/index.php\/wp-json\/wp\/v2\/tags?post=123"}],"curies":[{"name":"wp","href":"https:\/\/api.w.org\/{rel}","templated":true}]}}