{"id":139,"date":"2026-01-22T01:49:57","date_gmt":"2026-01-22T01:49:57","guid":{"rendered":"https:\/\/dfego.news\/?p=139"},"modified":"2026-01-22T01:49:57","modified_gmt":"2026-01-22T01:49:57","slug":"tcu-identifica-falhas-em-licitacoes-da-cop30-e-aponta-indicios-de-sobrepreco-de-ate-1-000","status":"publish","type":"post","link":"https:\/\/dfego.news\/index.php\/2026\/01\/22\/tcu-identifica-falhas-em-licitacoes-da-cop30-e-aponta-indicios-de-sobrepreco-de-ate-1-000\/","title":{"rendered":"TCU identifica falhas em licita\u00e7\u00f5es da COP30 e aponta ind\u00edcios de sobrepre\u00e7o de at\u00e9 1.000%"},"content":{"rendered":"\n<figure class=\"wp-block-image size-full\"><img loading=\"lazy\" decoding=\"async\" width=\"675\" height=\"450\" src=\"https:\/\/dfego.news\/wp-content\/uploads\/2026\/01\/TCU_fachada_675x450-1.jpg\" alt=\"\" class=\"wp-image-140\" srcset=\"https:\/\/dfego.news\/wp-content\/uploads\/2026\/01\/TCU_fachada_675x450-1.jpg 675w, https:\/\/dfego.news\/wp-content\/uploads\/2026\/01\/TCU_fachada_675x450-1-300x200.jpg 300w\" sizes=\"auto, (max-width: 675px) 100vw, 675px\" \/><\/figure>\n\n\n\n<p><\/p>\n\n\n\n<p>O Tribunal de Contas da Uni\u00e3o (TCU) identificou irregularidades na modelagem das licita\u00e7\u00f5es realizadas para a organiza\u00e7\u00e3o da COP30, confer\u00eancia clim\u00e1tica realizada em novembro, em Bel\u00e9m (PA). Auditoria da Corte apontou ind\u00edcios de sobrepre\u00e7os que chegaram a at\u00e9 1.000% na comercializa\u00e7\u00e3o de bens e servi\u00e7os vinculados ao evento.<\/p>\n\n\n\n<p>As falhas constam em uma representa\u00e7\u00e3o analisada pelo plen\u00e1rio do TCU nesta quarta-feira (21) e envolvem contratos firmados por meio da Organiza\u00e7\u00e3o de Estados Ibero-Americanos (OEI), respons\u00e1vel pela montagem e opera\u00e7\u00e3o das chamadas Zona Verde e Zona Azul da confer\u00eancia.<\/p>\n\n\n\n<p>De acordo com o relat\u00f3rio t\u00e9cnico, as licita\u00e7\u00f5es apresentaram um padr\u00e3o de descontos considerados excessivamente agressivos, pr\u00f3ximos de 50% na fase de contrata\u00e7\u00e3o. Posteriormente, segundo o TCU, esses valores teriam sido compensados por pre\u00e7os elevados cobrados na comercializa\u00e7\u00e3o de produtos e servi\u00e7os aos participantes do evento, em um ambiente de exclusividade contratual.<\/p>\n\n\n\n<p>As an\u00e1lises identificaram diferen\u00e7as expressivas entre os pre\u00e7os praticados e os valores de mercado, especialmente em itens como mobili\u00e1rio e equipamentos, com sobrepre\u00e7os que chegaram a 1.000%. Para o \u00f3rg\u00e3o de controle, esse cen\u00e1rio configura fortes ind\u00edcios de abuso de posi\u00e7\u00e3o dominante.<\/p>\n\n\n\n<p>O relat\u00f3rio destaca a pr\u00e1tica conhecida como \u201csubsidia\u00e7\u00e3o cruzada\u201d, na qual a empresa vencedora da licitat\u00f3ria apresenta pre\u00e7os artificialmente baixos para assegurar o contrato p\u00fablico e, posteriormente, recupera a perda financeira por meio da cobran\u00e7a elevada de bens e servi\u00e7os vinculados ao pr\u00f3prio evento. Segundo a \u00e1rea t\u00e9cnica do TCU, esse modelo compromete os princ\u00edpios da moralidade administrativa e da obten\u00e7\u00e3o da proposta mais vantajosa em seu conjunto.<\/p>\n\n\n\n<p>Em sua defesa, a OEI argumentou que n\u00e3o houve irregularidade, sustentando que os fluxos de recursos p\u00fablicos e privados eram segregados, que os custos log\u00edsticos em Bel\u00e9m seriam excepcionalmente elevados e que os pre\u00e7os praticados estariam em linha com eventos internacionais semelhantes, como a COP29. A entidade tamb\u00e9m afirmou que parte da receita obtida retornaria ao projeto p\u00fablico.<\/p>\n\n\n\n<p>O TCU, no entanto, considerou que os argumentos apresentados n\u00e3o afastam a gravidade das falhas identificadas. Para o Tribunal, a alega\u00e7\u00e3o de segrega\u00e7\u00e3o financeira \u00e9 fr\u00e1gil, uma vez que, ainda que o sobrepre\u00e7o n\u00e3o recaia diretamente sobre recursos p\u00fablicos, ele impacta o custo total de um evento de interesse p\u00fablico viabilizado por instrumento estatal.<\/p>\n\n\n\n<p>A Corte reconheceu que a realiza\u00e7\u00e3o da COP30 na regi\u00e3o amaz\u00f4nica imp\u00f5e desafios log\u00edsticos e custos operacionais mais elevados, sobretudo em transporte, hospedagem e infraestrutura. Ainda assim, avaliou que esses fatores n\u00e3o justificam disparidades de 650% ou 1.000% em itens comuns, como m\u00f3veis e equipamentos eletr\u00f4nicos.<\/p>\n\n\n\n<p>Segundo o relat\u00f3rio, a pr\u00f3pria OEI apresentou exemplos de reajustes da ordem de 131%, percentual considerado significativamente inferior aos valores apontados na representa\u00e7\u00e3o analisada.<\/p>\n\n\n\n<p>Falha no edital<\/p>\n\n\n\n<p>Para o TCU, o principal problema esteve no desenho do edital, que concedeu exclusividade na explora\u00e7\u00e3o comercial dos servi\u00e7os sem estabelecer crit\u00e9rios m\u00ednimos de controle de pre\u00e7os, como tetos, par\u00e2metros de razoabilidade ou refer\u00eancias de mercado. Essa aus\u00eancia de balizas foi apontada como a falha estrutural que permitiu as distor\u00e7\u00f5es identificadas.<\/p>\n\n\n\n<p>Apesar das irregularidades, o Tribunal decidiu manter os contratos, uma vez que a COP30 j\u00e1 foi realizada e os servi\u00e7os foram integralmente executados. O relator do processo, ministro Bruno Dantas, ressaltou que a decis\u00e3o tem car\u00e1ter preventivo e pedag\u00f3gico, com o objetivo de evitar a repeti\u00e7\u00e3o das falhas em futuras contrata\u00e7\u00f5es, especialmente em acordos de coopera\u00e7\u00e3o internacional.<\/p>\n\n\n\n<p>O processo foi arquivado ap\u00f3s a expedi\u00e7\u00e3o de ci\u00eancia \u00e0 Secretaria Extraordin\u00e1ria da COP30 (SECOP).<\/p>\n\n\n\n<p>Em nota, a SECOP afirmou que o julgamento do TCU n\u00e3o apontou irregularidades nos contratos, mas apresentou recomenda\u00e7\u00f5es de aprimoramento. A secretaria informou ainda que as licita\u00e7\u00f5es foram conduzidas pela OEI, nos termos dos instrumentos firmados com o governo federal, e declarou que atender\u00e1 \u00e0s recomenda\u00e7\u00f5es, reafirmando compromisso com a legalidade, a transpar\u00eancia e a boa governan\u00e7a.<\/p>\n","protected":false},"excerpt":{"rendered":"<p>O Tribunal de Contas da Uni\u00e3o (TCU) identificou irregularidades na modelagem das licita\u00e7\u00f5es realizadas para a organiza\u00e7\u00e3o da COP30, confer\u00eancia&hellip;<\/p>\n","protected":false},"author":3,"featured_media":0,"comment_status":"open","ping_status":"open","sticky":false,"template":"","format":"standard","meta":{"footnotes":""},"categories":[1],"tags":[],"class_list":["post-139","post","type-post","status-publish","format-standard","hentry","category-uncategorized"],"_links":{"self":[{"href":"https:\/\/dfego.news\/index.php\/wp-json\/wp\/v2\/posts\/139","targetHints":{"allow":["GET"]}}],"collection":[{"href":"https:\/\/dfego.news\/index.php\/wp-json\/wp\/v2\/posts"}],"about":[{"href":"https:\/\/dfego.news\/index.php\/wp-json\/wp\/v2\/types\/post"}],"author":[{"embeddable":true,"href":"https:\/\/dfego.news\/index.php\/wp-json\/wp\/v2\/users\/3"}],"replies":[{"embeddable":true,"href":"https:\/\/dfego.news\/index.php\/wp-json\/wp\/v2\/comments?post=139"}],"version-history":[{"count":1,"href":"https:\/\/dfego.news\/index.php\/wp-json\/wp\/v2\/posts\/139\/revisions"}],"predecessor-version":[{"id":141,"href":"https:\/\/dfego.news\/index.php\/wp-json\/wp\/v2\/posts\/139\/revisions\/141"}],"wp:attachment":[{"href":"https:\/\/dfego.news\/index.php\/wp-json\/wp\/v2\/media?parent=139"}],"wp:term":[{"taxonomy":"category","embeddable":true,"href":"https:\/\/dfego.news\/index.php\/wp-json\/wp\/v2\/categories?post=139"},{"taxonomy":"post_tag","embeddable":true,"href":"https:\/\/dfego.news\/index.php\/wp-json\/wp\/v2\/tags?post=139"}],"curies":[{"name":"wp","href":"https:\/\/api.w.org\/{rel}","templated":true}]}}