{"id":142,"date":"2026-01-22T02:05:08","date_gmt":"2026-01-22T02:05:08","guid":{"rendered":"https:\/\/dfego.news\/?p=142"},"modified":"2026-01-22T02:05:08","modified_gmt":"2026-01-22T02:05:08","slug":"prefeitura-de-caldas-novas-decreta-estado-de-calamidade-publica-apos-aumento-expressivo-de-casos-de-dengue","status":"publish","type":"post","link":"https:\/\/dfego.news\/index.php\/2026\/01\/22\/prefeitura-de-caldas-novas-decreta-estado-de-calamidade-publica-apos-aumento-expressivo-de-casos-de-dengue\/","title":{"rendered":"Prefeitura de Caldas Novas decreta estado de calamidade p\u00fablica ap\u00f3s aumento expressivo de casos de dengue"},"content":{"rendered":"\n<p><strong>Caldas Novas decreta calamidade p\u00fablica ap\u00f3s aumento expressivo de casos de dengue<\/strong><\/p>\n\n\n\n<p>A Prefeitura de Caldas Novas, um dos principais destinos tur\u00edsticos de Goi\u00e1s, decretou <strong>situa\u00e7\u00e3o de calamidade p\u00fablica<\/strong> em decorr\u00eancia do <strong>crescimento acelerado dos casos de dengue<\/strong> registrados no munic\u00edpio. A decis\u00e3o foi tomada ap\u00f3s avalia\u00e7\u00f5es t\u00e9cnicas da Secretaria Municipal de Sa\u00fade, que apontaram risco de colapso no atendimento m\u00e9dico caso medidas emergenciais n\u00e3o fossem adotadas.<\/p>\n\n\n\n<p>De acordo com dados oficiais, o n\u00famero de notifica\u00e7\u00f5es da doen\u00e7a apresentou <strong>alta significativa nas \u00faltimas semanas<\/strong>, com registro de casos graves e aumento na procura por unidades de sa\u00fade, pronto-atendimentos e hospitais da rede p\u00fablica e privada. O cen\u00e1rio acendeu o alerta das autoridades sanit\u00e1rias, que classificam o momento como cr\u00edtico.<\/p>\n\n\n\n<p>Com o decreto, a administra\u00e7\u00e3o municipal passa a ter <strong>mais autonomia para agir de forma imediata<\/strong>, permitindo a libera\u00e7\u00e3o de recursos extraordin\u00e1rios, a contrata\u00e7\u00e3o emergencial de profissionais da sa\u00fade, a amplia\u00e7\u00e3o da capacidade de atendimento e a aquisi\u00e7\u00e3o de insumos, medicamentos e equipamentos necess\u00e1rios para o enfrentamento da doen\u00e7a.<\/p>\n\n\n\n<p><strong>A\u00e7\u00f5es emergenciais e combate ao mosquito<\/strong><\/p>\n\n\n\n<p>Entre as principais medidas anunciadas est\u00e3o o <strong>refor\u00e7o das equipes de vigil\u00e2ncia epidemiol\u00f3gica<\/strong>, intensifica\u00e7\u00e3o de mutir\u00f5es de limpeza urbana, aplica\u00e7\u00e3o de inseticidas em \u00e1reas com maior incid\u00eancia de casos e fiscaliza\u00e7\u00e3o em im\u00f3veis abandonados, terrenos baldios e locais com ac\u00famulo de \u00e1gua parada \u2014 ambiente prop\u00edcio para a prolifera\u00e7\u00e3o do mosquito <em>Aedes aegypti<\/em>, transmissor da dengue, zika e chikungunya.<\/p>\n\n\n\n<p>Agentes de endemias tamb\u00e9m est\u00e3o realizando <strong>visitas domiciliares<\/strong>, orientando moradores sobre a import\u00e2ncia da elimina\u00e7\u00e3o de criadouros e monitorando focos do mosquito. A prefeitura informou que bairros com maior n\u00famero de registros da doen\u00e7a est\u00e3o recebendo aten\u00e7\u00e3o priorit\u00e1ria.<\/p>\n\n\n\n<figure class=\"wp-block-image size-full\"><img loading=\"lazy\" decoding=\"async\" width=\"675\" height=\"450\" src=\"https:\/\/dfego.news\/wp-content\/uploads\/2026\/01\/dengue_675x450.jpg\" alt=\"\" class=\"wp-image-143\" srcset=\"https:\/\/dfego.news\/wp-content\/uploads\/2026\/01\/dengue_675x450.jpg 675w, https:\/\/dfego.news\/wp-content\/uploads\/2026\/01\/dengue_675x450-300x200.jpg 300w\" sizes=\"auto, (max-width: 675px) 100vw, 675px\" \/><\/figure>\n\n\n\n<p><strong>Impacto na sa\u00fade e alerta \u00e0 popula\u00e7\u00e3o<\/strong><\/p>\n\n\n\n<p>A Secretaria Municipal de Sa\u00fade refor\u00e7a que a popula\u00e7\u00e3o deve ficar atenta aos principais sintomas da dengue, como <strong>febre alta, dor no corpo, dor atr\u00e1s dos olhos, manchas vermelhas na pele, cansa\u00e7o extremo e n\u00e1useas<\/strong>. Em casos mais graves, podem ocorrer sangramentos e queda de press\u00e3o arterial, exigindo atendimento m\u00e9dico imediato.<\/p>\n\n\n\n<p>As autoridades alertam que <strong>a automedica\u00e7\u00e3o pode agravar o quadro cl\u00ednico<\/strong>, principalmente com o uso de medicamentos que aumentam o risco de sangramento. A recomenda\u00e7\u00e3o \u00e9 procurar uma unidade de sa\u00fade ao surgirem os primeiros sinais da doen\u00e7a.<\/p>\n\n\n\n<p><strong>Preocupa\u00e7\u00e3o com o turismo e economia local<\/strong><\/p>\n\n\n\n<p>Al\u00e9m do impacto direto na sa\u00fade p\u00fablica, o avan\u00e7o da dengue em Caldas Novas tamb\u00e9m preocupa setores ligados ao <strong>turismo e \u00e0 economia local<\/strong>, uma vez que o munic\u00edpio recebe milhares de visitantes ao longo do ano. A prefeitura afirma que as medidas adotadas visam conter rapidamente a situa\u00e7\u00e3o e garantir seguran\u00e7a tanto para moradores quanto para turistas.<\/p>\n\n\n\n<p><strong>Responsabilidade coletiva<\/strong><\/p>\n\n\n\n<p>A gest\u00e3o municipal refor\u00e7a que o combate \u00e0 dengue n\u00e3o depende apenas do poder p\u00fablico, mas tamb\u00e9m da <strong>participa\u00e7\u00e3o ativa da popula\u00e7\u00e3o<\/strong>. Pequenas a\u00e7\u00f5es, como manter caixas d\u2019\u00e1gua bem vedadas, evitar o ac\u00famulo de lixo, limpar calhas e eliminar recipientes que possam armazenar \u00e1gua, s\u00e3o fundamentais para interromper o ciclo de reprodu\u00e7\u00e3o do mosquito.<\/p>\n\n\n\n<figure class=\"wp-block-image size-full\"><img loading=\"lazy\" decoding=\"async\" width=\"675\" height=\"450\" src=\"https:\/\/dfego.news\/wp-content\/uploads\/2026\/01\/alerta_dengue_675x450-1.jpg\" alt=\"\" class=\"wp-image-144\" srcset=\"https:\/\/dfego.news\/wp-content\/uploads\/2026\/01\/alerta_dengue_675x450-1.jpg 675w, https:\/\/dfego.news\/wp-content\/uploads\/2026\/01\/alerta_dengue_675x450-1-300x200.jpg 300w\" sizes=\"auto, (max-width: 675px) 100vw, 675px\" \/><\/figure>\n\n\n\n<p>O decreto de calamidade p\u00fablica tem <strong>prazo determinado<\/strong>, mas poder\u00e1 ser prorrogado caso os \u00edndices da doen\u00e7a continuem elevados. A prefeitura seguir\u00e1 monitorando a situa\u00e7\u00e3o epidemiol\u00f3gica e divulgando novas medidas conforme a evolu\u00e7\u00e3o do cen\u00e1rio.<\/p>\n","protected":false},"excerpt":{"rendered":"<p>Caldas Novas decreta calamidade p\u00fablica ap\u00f3s aumento expressivo de casos de dengue A Prefeitura de Caldas Novas, um dos principais&hellip;<\/p>\n","protected":false},"author":3,"featured_media":0,"comment_status":"open","ping_status":"open","sticky":false,"template":"","format":"standard","meta":{"footnotes":""},"categories":[1],"tags":[],"class_list":["post-142","post","type-post","status-publish","format-standard","hentry","category-uncategorized"],"_links":{"self":[{"href":"https:\/\/dfego.news\/index.php\/wp-json\/wp\/v2\/posts\/142","targetHints":{"allow":["GET"]}}],"collection":[{"href":"https:\/\/dfego.news\/index.php\/wp-json\/wp\/v2\/posts"}],"about":[{"href":"https:\/\/dfego.news\/index.php\/wp-json\/wp\/v2\/types\/post"}],"author":[{"embeddable":true,"href":"https:\/\/dfego.news\/index.php\/wp-json\/wp\/v2\/users\/3"}],"replies":[{"embeddable":true,"href":"https:\/\/dfego.news\/index.php\/wp-json\/wp\/v2\/comments?post=142"}],"version-history":[{"count":1,"href":"https:\/\/dfego.news\/index.php\/wp-json\/wp\/v2\/posts\/142\/revisions"}],"predecessor-version":[{"id":145,"href":"https:\/\/dfego.news\/index.php\/wp-json\/wp\/v2\/posts\/142\/revisions\/145"}],"wp:attachment":[{"href":"https:\/\/dfego.news\/index.php\/wp-json\/wp\/v2\/media?parent=142"}],"wp:term":[{"taxonomy":"category","embeddable":true,"href":"https:\/\/dfego.news\/index.php\/wp-json\/wp\/v2\/categories?post=142"},{"taxonomy":"post_tag","embeddable":true,"href":"https:\/\/dfego.news\/index.php\/wp-json\/wp\/v2\/tags?post=142"}],"curies":[{"name":"wp","href":"https:\/\/api.w.org\/{rel}","templated":true}]}}