{"id":147,"date":"2026-01-22T17:43:25","date_gmt":"2026-01-22T17:43:25","guid":{"rendered":"https:\/\/dfego.news\/?p=147"},"modified":"2026-01-22T17:44:05","modified_gmt":"2026-01-22T17:44:05","slug":"historia-de-superacao-ex-garcom-assume-cargo-de-diplomata-em-brasilia","status":"publish","type":"post","link":"https:\/\/dfego.news\/index.php\/2026\/01\/22\/historia-de-superacao-ex-garcom-assume-cargo-de-diplomata-em-brasilia\/","title":{"rendered":"Hist\u00f3ria de supera\u00e7\u00e3o: ex-gar\u00e7om assume cargo de diplomata em Bras\u00edlia"},"content":{"rendered":"\n<p>O brasileiro <strong>Douglas Rocha Almeida<\/strong>, de 31 anos, tomou posse nesta ter\u00e7a-feira (20) como diplomata do Brasil. A cerim\u00f4nia aconteceu no <strong>Instituto Rio Branco<\/strong>, em Bras\u00edlia, e marcou o in\u00edcio de sua atua\u00e7\u00e3o no <strong>Minist\u00e9rio das Rela\u00e7\u00f5es Exteriores<\/strong>.<\/p>\n\n\n\n<p>Filho de uma diarista e de um pedreiro, Douglas cresceu em uma fam\u00edlia simples e come\u00e7ou a trabalhar ainda jovem. Por mais de dez anos, atuou como <strong>gar\u00e7om<\/strong> em restaurantes e eventos, enquanto seguia firme nos estudos.<\/p>\n\n\n\n<p>A hist\u00f3ria de supera\u00e7\u00e3o ganhou destaque e levou Douglas e a m\u00e3e, <strong>Dona Cida<\/strong>, a se encontrarem recentemente com o presidente <strong>Luiz In\u00e1cio Lula da Silva<\/strong>. No encontro tamb\u00e9m estavam a primeira-dama <strong>Janja<\/strong> e o ministro da Fazenda, <strong>Fernando Haddad<\/strong>.<\/p>\n\n\n\n<p>Douglas conquistou a vaga ap\u00f3s passar por um concurso extremamente concorrido: <strong>quase 9 mil pessoas disputaram apenas 50 vagas<\/strong>. Ele entra na carreira no cargo inicial, com <strong>sal\u00e1rio acima de R$ 22 mil<\/strong>.<\/p>\n\n\n\n<p>Mesmo enfrentando dificuldades, Douglas concluiu <strong>mestrado em Seguran\u00e7a e Defesa Internacional<\/strong> e \u00e9 formado em <strong>Rela\u00e7\u00f5es Internacionais<\/strong> e <strong>Letras\/Espanhol<\/strong>.<\/p>\n","protected":false},"excerpt":{"rendered":"<p>O brasileiro Douglas Rocha Almeida, de 31 anos, tomou posse nesta ter\u00e7a-feira (20) como diplomata do Brasil. A cerim\u00f4nia aconteceu&hellip;<\/p>\n","protected":false},"author":2,"featured_media":148,"comment_status":"open","ping_status":"open","sticky":false,"template":"","format":"standard","meta":{"footnotes":""},"categories":[4],"tags":[],"class_list":["post-147","post","type-post","status-publish","format-standard","has-post-thumbnail","hentry","category-brasilia"],"_links":{"self":[{"href":"https:\/\/dfego.news\/index.php\/wp-json\/wp\/v2\/posts\/147","targetHints":{"allow":["GET"]}}],"collection":[{"href":"https:\/\/dfego.news\/index.php\/wp-json\/wp\/v2\/posts"}],"about":[{"href":"https:\/\/dfego.news\/index.php\/wp-json\/wp\/v2\/types\/post"}],"author":[{"embeddable":true,"href":"https:\/\/dfego.news\/index.php\/wp-json\/wp\/v2\/users\/2"}],"replies":[{"embeddable":true,"href":"https:\/\/dfego.news\/index.php\/wp-json\/wp\/v2\/comments?post=147"}],"version-history":[{"count":1,"href":"https:\/\/dfego.news\/index.php\/wp-json\/wp\/v2\/posts\/147\/revisions"}],"predecessor-version":[{"id":149,"href":"https:\/\/dfego.news\/index.php\/wp-json\/wp\/v2\/posts\/147\/revisions\/149"}],"wp:featuredmedia":[{"embeddable":true,"href":"https:\/\/dfego.news\/index.php\/wp-json\/wp\/v2\/media\/148"}],"wp:attachment":[{"href":"https:\/\/dfego.news\/index.php\/wp-json\/wp\/v2\/media?parent=147"}],"wp:term":[{"taxonomy":"category","embeddable":true,"href":"https:\/\/dfego.news\/index.php\/wp-json\/wp\/v2\/categories?post=147"},{"taxonomy":"post_tag","embeddable":true,"href":"https:\/\/dfego.news\/index.php\/wp-json\/wp\/v2\/tags?post=147"}],"curies":[{"name":"wp","href":"https:\/\/api.w.org\/{rel}","templated":true}]}}