{"id":153,"date":"2026-01-23T02:22:20","date_gmt":"2026-01-23T02:22:20","guid":{"rendered":"https:\/\/dfego.news\/?p=153"},"modified":"2026-01-26T00:01:37","modified_gmt":"2026-01-26T00:01:37","slug":"153","status":"publish","type":"post","link":"https:\/\/dfego.news\/index.php\/2026\/01\/23\/153\/","title":{"rendered":"O &#8220;Agente Secreto&#8221; chega ao Oscar"},"content":{"rendered":"\n<figure class=\"wp-block-image\"><img decoding=\"async\" src=\"https:\/\/tse2.mm.bing.net\/th\/id\/OIP.O3pC1ADaQP59KfnK1tRBMAHaEK?w=474&amp;h=474&amp;c=7&amp;p=0\" alt=\"https:\/\/cinemacomrapadura.com.br\/imagens\/2025\/06\/20250605-o-agente-secreto.jpg\"\/><\/figure>\n\n\n\n<h1 class=\"wp-block-heading\">\u201cO Agente Secreto\u201d chega ao Oscar com 4 indica\u00e7\u00f5es e empurra o Brasil para o centro da disputa<\/h1>\n\n\n\n<p><strong>Los Angeles \/ Recife<\/strong> \u2014 O cinema brasileiro amanheceu em modo de decis\u00e3o nesta quinta-feira (22): <strong>\u201cO Agente Secreto\u201d (\u201cThe Secret Agent\u201d)<\/strong> foi anunciado entre os indicados do <strong>98\u00ba Oscar<\/strong> e entra na reta final com <strong>quatro nomea\u00e7\u00f5es<\/strong> \u2014 um pacote raro que coloca o filme, ao mesmo tempo, na briga pelo pr\u00eamio m\u00e1ximo e em categorias-chave de prest\u00edgio art\u00edstico e industrial. A cerim\u00f4nia acontece <strong>em 15 de mar\u00e7o de 2026<\/strong>, no <strong>Dolby Theatre<\/strong>, em Hollywood.<\/p>\n\n\n\n<p>As quatro indica\u00e7\u00f5es s\u00e3o:<\/p>\n\n\n\n<ul class=\"wp-block-list\">\n<li><strong>Melhor Filme (Best Picture)<\/strong> \u2014 com a produtora <strong>Emilie Lesclaux<\/strong> creditada no an\u00fancio da Academia.<\/li>\n\n\n\n<li><strong>Melhor Filme Internacional (International Feature Film)<\/strong> \u2014 representando oficialmente o <strong>Brasil<\/strong>.<\/li>\n\n\n\n<li><strong>Melhor Ator<\/strong> \u2014 <strong>Wagner Moura<\/strong> \u00e9 o nome brasileiro na principal categoria de interpreta\u00e7\u00e3o masculina.<\/li>\n\n\n\n<li><strong>Casting<\/strong> \u2014 a rec\u00e9m-criada categoria que estreia no Oscar e reconhece a dire\u00e7\u00e3o de elenco; <strong>Gabriel Domingues<\/strong> aparece como indicado pelo trabalho em \u201cThe Secret Agent\u201d.<\/li>\n<\/ul>\n\n\n\n<p>A combina\u00e7\u00e3o chama aten\u00e7\u00e3o por um motivo simples: n\u00e3o \u00e9 comum um filme falado em portugu\u00eas chegar simultaneamente \u00e0 lista de Melhor Filme e, ainda, cravar atua\u00e7\u00e3o e casting \u2014 uma leitura de for\u00e7a que normalmente indica campanha consistente, boa circula\u00e7\u00e3o entre votantes e \u201cvida longa\u201d na temporada.<\/p>\n\n\n\n<hr class=\"wp-block-separator has-alpha-channel-opacity\"\/>\n\n\n\n<h2 class=\"wp-block-heading\">Por que essas indica\u00e7\u00f5es pesam (e o que elas dizem sobre o filme)<\/h2>\n\n\n\n<h3 class=\"wp-block-heading\">1) Melhor Filme: o \u201candar de cima\u201d do Oscar<\/h3>\n\n\n\n<p>Estar em <strong>Best Picture<\/strong> \u00e9, na pr\u00e1tica, acessar a vitrine mais concorrida do ano. O impacto n\u00e3o se limita ao tapete vermelho: essa indica\u00e7\u00e3o tende a multiplicar salas, ampliar distribui\u00e7\u00e3o internacional e \u201creapresentar\u201d o t\u00edtulo ao grande p\u00fablico \u2014 inclusive fora do circuito cin\u00e9filo.<\/p>\n\n\n\n<p>No an\u00fancio oficial, \u201cThe Secret Agent\u201d aparece entre os <strong>indicados a Melhor Filme<\/strong>, com cr\u00e9dito de produ\u00e7\u00e3o para <strong>Emilie Lesclaux<\/strong>.<\/p>\n\n\n\n<h3 class=\"wp-block-heading\">2) Melhor Filme Internacional: o Brasil como candidato \u201cde verdade\u201d<\/h3>\n\n\n\n<p>Na categoria internacional, o longa aparece como <strong>a indica\u00e7\u00e3o do Brasil<\/strong>. Antes disso, o filme j\u00e1 havia sido escolhido para representar o pa\u00eds na corrida pelo Oscar.<\/p>\n\n\n\n<p>O simbolismo \u00e9 direto: o Brasil n\u00e3o est\u00e1 apenas \u201cno p\u00e1reo\u201d; est\u00e1 com um t\u00edtulo que atravessou a temporada inteira acumulando tra\u00e7\u00e3o at\u00e9 virar <strong>candidato em mais de uma frente<\/strong>.<\/p>\n\n\n\n<h3 class=\"wp-block-heading\">3) Melhor Ator: Wagner Moura no n\u00facleo duro da disputa<\/h3>\n\n\n\n<figure class=\"wp-block-image\"><img decoding=\"async\" src=\"https:\/\/tse2.mm.bing.net\/th\/id\/OIP.8vEDc9lNJwhMytEbuchLngHaDt?w=474&amp;h=474&amp;c=7&amp;p=0\" alt=\"https:\/\/cdn.folhape.com.br\/img\/pc\/1100\/1\/dn_arquivo\/2025\/05\/design-sem-nome-2025-05-13t132623558.jpg\"\/><\/figure>\n\n\n\n<p>A Academia colocou <strong>Wagner Moura<\/strong> entre os cinco indicados a <strong>Ator em Papel Principal<\/strong>.<br>Esse tipo de nomea\u00e7\u00e3o costuma funcionar como atalho emocional para o p\u00fablico (\u201co filme do ator indicado\u201d) e, internamente, como prova de que a obra foi vista e lembrada em vota\u00e7\u00e3o preferencial.<\/p>\n\n\n\n<h3 class=\"wp-block-heading\">4) Casting: a nova categoria que muda o mapa<\/h3>\n\n\n\n<figure class=\"wp-block-image\"><img decoding=\"async\" src=\"https:\/\/tse2.mm.bing.net\/th\/id\/OIP.-kh-FRoAEPFWDBPKeUhSYwHaEb?w=474&amp;h=474&amp;c=7&amp;p=0\" alt=\"https:\/\/imagens.ebc.com.br\/CldcZVfSUaEiKLRJZbCNif2kHrU%3D\/1170x700\/smart\/https%3A\/\/agenciabrasil.ebc.com.br\/sites\/default\/files\/thumbnails\/image\/2025\/04\/10\/agente_secreto.jpg?itok=OHtTgOUg\"\/><\/figure>\n\n\n\n<p>A estreia do pr\u00eamio de <strong>Achievement in Casting<\/strong> (tamb\u00e9m chamado de \u201cOscar de Casting\u201d) \u00e9 uma das novidades desta edi\u00e7\u00e3o \u2014 e \u201cThe Secret Agent\u201d j\u00e1 entra como um dos primeiros t\u00edtulos a disputar a estatueta.<br>No an\u00fancio da Academia, o filme aparece indicado com <strong>Gabriel Domingues<\/strong>.<\/p>\n\n\n\n<p>Na pr\u00e1tica, \u00e9 um reconhecimento do \u201cDNA\u201d do elenco: escolhas de atores, mistura de perfis, qu\u00edmica entre personagens, e a capacidade de tornar cr\u00edvel um mundo hist\u00f3rico e pol\u00edtico sem soar did\u00e1tico.<\/p>\n\n\n\n<hr class=\"wp-block-separator has-alpha-channel-opacity\"\/>\n\n\n\n<h2 class=\"wp-block-heading\">O que o Oscar est\u00e1 lendo em \u201cO Agente Secreto\u201d<\/h2>\n\n\n\n<p>Parte do que impulsiona o filme \u00e9 o modo como ele se encaixa no \u201cradar tem\u00e1tico\u201d da Academia sem parecer feito sob encomenda: \u00e9 <strong>drama pol\u00edtico<\/strong>, com tens\u00e3o de \u00e9poca, e um protagonista perseguido num Brasil marcado pela repress\u00e3o. A Associated Press descreve a hist\u00f3ria como a de um pai vi\u00favo perseguido durante o regime militar nos anos 1970, e aponta como a recep\u00e7\u00e3o do filme reacendeu conversas nacionais sobre autoritarismo e mem\u00f3ria.<\/p>\n\n\n\n<p>Isso ajuda a explicar por que o longa consegue disputar duas categorias que, historicamente, nem sempre conversam bem entre si (Best Picture e International): quando o tema encontra forma e performance marcante, a barreira da l\u00edngua diminui.<\/p>\n\n\n\n<hr class=\"wp-block-separator has-alpha-channel-opacity\"\/>\n\n\n\n<h2 class=\"wp-block-heading\">Term\u00f4metro de chances: onde o filme parece mais forte<\/h2>\n\n\n\n<figure class=\"wp-block-image\"><img decoding=\"async\" src=\"https:\/\/tse1.mm.bing.net\/th\/id\/OIP.ZVkGmF2bwmNP85ieOG14ZQEsCi?w=474&amp;h=474&amp;c=7&amp;p=0\" alt=\"https:\/\/p2.trrsf.com\/image\/fget\/cf\/774\/0\/images.terra.com\/2025\/05\/19\/agente_secreto-rhowx3ibfwpt.png\"\/><\/figure>\n\n\n\n<p>Sem fazer futurologia gratuita, d\u00e1 para desenhar um mapa realista a partir do tipo de reconhecimento:<\/p>\n\n\n\n<ul class=\"wp-block-list\">\n<li><strong>Ator (Wagner Moura):<\/strong> categoria \u201cde vitrine\u201d, com grande exposi\u00e7\u00e3o e debate. A presen\u00e7a dele entre os cinco indica que o filme foi, de fato, assistido e lembrado na vota\u00e7\u00e3o final.<\/li>\n\n\n\n<li><strong>Filme Internacional:<\/strong> \u00e9 a pista mais \u00f3bvia de competitividade, porque a indica\u00e7\u00e3o j\u00e1 coloca o t\u00edtulo no top 5 do mundo (na leitura da Academia) naquele recorte.<\/li>\n\n\n\n<li><strong>Casting:<\/strong> por ser uma categoria nova, o \u201cpioneirismo\u201d conta \u2014 e t\u00edtulos com elenco marcante tendem a dominar a conversa cr\u00edtica e profissional.<\/li>\n\n\n\n<li><strong>Melhor Filme:<\/strong> \u00e9 a disputa mais dura, mas a simples presen\u00e7a na lista muda o patamar do filme no circuito e pode puxar votos cruzados (gente que vota no filme em uma categoria acaba \u201ccarregando\u201d em outra).<\/li>\n<\/ul>\n\n\n\n<hr class=\"wp-block-separator has-alpha-channel-opacity\"\/>\n\n\n\n<h2 class=\"wp-block-heading\">Pr\u00f3ximos passos at\u00e9 a estatueta<\/h2>\n\n\n\n<p>A partir de agora, o que decide \u00e9 campanha, exibi\u00e7\u00f5es, debates e a capacidade de o filme continuar \u201cvivo\u201d na conversa at\u00e9 <strong>15 de mar\u00e7o<\/strong>. A pr\u00f3pria p\u00e1gina oficial do Oscar confirma a data e o local da cerim\u00f4nia do 98\u00ba Academy Awards.<\/p>\n\n\n\n<p>Se o Brasil vai levar a estatueta, \u00e9 a etapa seguinte. Mas o fato j\u00e1 consolidado \u00e9 outro: <strong>\u201cO Agente Secreto\u201d transformou uma indica\u00e7\u00e3o em evento \u2014 e um evento em plataforma global<\/strong>.<\/p>\n","protected":false},"excerpt":{"rendered":"<p>\u201cO Agente Secreto\u201d chega ao Oscar com 4 indica\u00e7\u00f5es e empurra o Brasil para o centro da disputa Los Angeles&hellip;<\/p>\n","protected":false},"author":3,"featured_media":0,"comment_status":"open","ping_status":"open","sticky":false,"template":"","format":"standard","meta":{"footnotes":""},"categories":[1],"tags":[],"class_list":["post-153","post","type-post","status-publish","format-standard","hentry","category-uncategorized"],"_links":{"self":[{"href":"https:\/\/dfego.news\/index.php\/wp-json\/wp\/v2\/posts\/153","targetHints":{"allow":["GET"]}}],"collection":[{"href":"https:\/\/dfego.news\/index.php\/wp-json\/wp\/v2\/posts"}],"about":[{"href":"https:\/\/dfego.news\/index.php\/wp-json\/wp\/v2\/types\/post"}],"author":[{"embeddable":true,"href":"https:\/\/dfego.news\/index.php\/wp-json\/wp\/v2\/users\/3"}],"replies":[{"embeddable":true,"href":"https:\/\/dfego.news\/index.php\/wp-json\/wp\/v2\/comments?post=153"}],"version-history":[{"count":3,"href":"https:\/\/dfego.news\/index.php\/wp-json\/wp\/v2\/posts\/153\/revisions"}],"predecessor-version":[{"id":157,"href":"https:\/\/dfego.news\/index.php\/wp-json\/wp\/v2\/posts\/153\/revisions\/157"}],"wp:attachment":[{"href":"https:\/\/dfego.news\/index.php\/wp-json\/wp\/v2\/media?parent=153"}],"wp:term":[{"taxonomy":"category","embeddable":true,"href":"https:\/\/dfego.news\/index.php\/wp-json\/wp\/v2\/categories?post=153"},{"taxonomy":"post_tag","embeddable":true,"href":"https:\/\/dfego.news\/index.php\/wp-json\/wp\/v2\/tags?post=153"}],"curies":[{"name":"wp","href":"https:\/\/api.w.org\/{rel}","templated":true}]}}