{"id":155,"date":"2026-01-26T02:34:43","date_gmt":"2026-01-26T02:34:43","guid":{"rendered":"https:\/\/dfego.news\/?p=155"},"modified":"2026-01-26T02:34:43","modified_gmt":"2026-01-26T02:34:43","slug":"acorda-brasil-por-dentro-da-caminhada-que-transformou-estrada-em-palco-politico","status":"publish","type":"post","link":"https:\/\/dfego.news\/index.php\/2026\/01\/26\/acorda-brasil-por-dentro-da-caminhada-que-transformou-estrada-em-palco-politico\/","title":{"rendered":"Acorda Brasil: por dentro da caminhada que transformou estrada em palco pol\u00edtico"},"content":{"rendered":"\n<p><br><br>Reportagem especial | DF&amp;GO News<br><br>Quando os primeiros passos foram dados ainda de madrugada, na sa\u00edda de Paracatu (MG), poucos imaginavam que aquela fileira irregular de pessoas, mochilas e bandeiras se transformaria em um dos atos pol\u00edticos mais comentados do in\u00edcio de 2026. A Caminhada Acorda Brasil n\u00e3o foi apenas um deslocamento f\u00edsico at\u00e9 Bras\u00edlia \u2014 foi uma encena\u00e7\u00e3o pol\u00edtica cont\u00ednua, constru\u00edda metro a metro, com estrat\u00e9gia, emo\u00e7\u00e3o e forte carga simb\u00f3lica.<br><br>Uma marcha pensada para ser vista<br><br>Diferente de manifesta\u00e7\u00f5es concentradas em pra\u00e7as, a caminhada apostou na narrativa do percurso. Cada trecho virou conte\u00fado: v\u00eddeos curtos, transmiss\u00f5es ao vivo, fotos ao p\u00f4r do sol e relatos de cansa\u00e7o extremo. O corpo em movimento virou argumento pol\u00edtico.<br><br>\u2014 \u201cSe a decis\u00e3o vem de Bras\u00edlia, a resposta tinha que chegar a p\u00e9\u201d, relatou \u00e0 reportagem um dos organizadores, que pediu para n\u00e3o ser identificado.<br><br>A op\u00e7\u00e3o pela estrada refor\u00e7ou uma imagem de sacrif\u00edcio e persist\u00eancia \u2014 elementos historicamente eficazes na mobiliza\u00e7\u00e3o popular.<br><br>Quem caminhou (e por qu\u00ea)<br><br>Ao longo dos cerca de 240 quil\u00f4metros, o perfil dos participantes se mostrou mais diverso do que aparentava nas redes. Havia:<br><br>pequenos empres\u00e1rios<br><br>caminhoneiros em folga<br><br>aposentados<br><br>jovens militantes conservadores<br><br>l\u00edderes religiosos<br><br>moradores das cidades cortadas pela BR-040<br><br>Para muitos, a caminhada foi menos sobre partidos e mais sobre desconfian\u00e7a institucional.<br><br>\u2014 \u201cN\u00e3o sou pol\u00edtico, sou pai de fam\u00edlia. Vim porque sinto que ningu\u00e9m nos escuta mais\u201d, disse um morador de Cristalina (GO), que caminhou apenas dois dias, mas acompanhou todo o ato online.<br><br>O papel de Nikolas Ferreira<br><br>Nikolas Ferreira assumiu a linha de frente, mas evitou discursos longos durante o trajeto. A estrat\u00e9gia foi clara: menos palanque, mais imagem. Ele caminhou sob sol forte, dormiu em estruturas improvisadas e apareceu visivelmente exausto em alguns momentos \u2014 algo explorado por apoiadores como prova de comprometimento.<br><br>Nos bastidores, por\u00e9m, havia organiza\u00e7\u00e3o r\u00edgida: hor\u00e1rios definidos, apoio log\u00edstico, pontos de descanso e equipe dedicada exclusivamente \u00e0 comunica\u00e7\u00e3o digital.<br><br>F\u00e9, pol\u00edtica e pertencimento<br><br>Um dos tra\u00e7os mais marcantes da Caminhada Acorda Brasil foi a presen\u00e7a constante de momentos de ora\u00e7\u00e3o coletiva. Em paradas estrat\u00e9gicas, participantes se reuniam para orar pelo pa\u00eds, pelo Congresso e pelo Judici\u00e1rio.<br><br>Para analistas ouvidos pela reportagem, esse elemento foi decisivo para ampliar o alcance do movimento:<br><br>\u201cA f\u00e9 cria coes\u00e3o emocional. Ela transforma um protesto em miss\u00e3o\u201d, avalia um cientista pol\u00edtico da Universidade de Bras\u00edlia.<br><br>Cronologia essencial da caminhada<br><br>19\/01 \u2013 Sa\u00edda de Paracatu (MG)<br>21\/01 \u2013 Entrada em Goi\u00e1s; aumento expressivo de apoiadores<br>23\/01 \u2013 Ades\u00e3o de parlamentares e influenciadores<br>24\/01 \u2013 Trecho mais longo e fisicamente desgastante<br>25\/01 \u2013 Chegada a Bras\u00edlia e ato simb\u00f3lico na regi\u00e3o central<br><br>Cada etapa foi registrada em tempo real, criando uma sensa\u00e7\u00e3o de acompanhamento coletivo \u2014 mesmo para quem n\u00e3o estava fisicamente presente.<br><br>Rea\u00e7\u00e3o institucional e sil\u00eancio calculado<br><br>Enquanto a caminhada ganhava tra\u00e7\u00e3o nas redes, o sil\u00eancio de institui\u00e7\u00f5es federais chamou aten\u00e7\u00e3o. N\u00e3o houve pronunciamentos diretos nem tentativas de confronto discursivo. A avalia\u00e7\u00e3o, nos bastidores de Bras\u00edlia, foi de que reagir poderia amplificar ainda mais o movimento.<br><br>A Pol\u00edcia Rodovi\u00e1ria Federal acompanhou todo o percurso sem registrar ocorr\u00eancias graves.<br><br>Cr\u00edticas e contrapontos<br><br>Entidades da sociedade civil e setores acad\u00eamicos apontaram riscos de radicaliza\u00e7\u00e3o e uso pol\u00edtico da desinforma\u00e7\u00e3o. Para cr\u00edticos, a caminhada refor\u00e7a uma narrativa de confronto permanente entre \u201cpovo\u201d e \u201cinstitui\u00e7\u00f5es\u201d, o que pode desgastar o ambiente democr\u00e1tico.<br><br>Ainda assim, reconhecem: o ato foi organizado, pac\u00edfico e altamente eficiente em comunica\u00e7\u00e3o.<br><br>O que fica depois do \u00faltimo passo<br><br>Com o fim da caminhada, o Acorda Brasil deixou de ser apenas um evento e passou a operar como marca pol\u00edtica. Grupos locais j\u00e1 falam em novos atos regionais, encontros tem\u00e1ticos e mobiliza\u00e7\u00f5es h\u00edbridas (rua + digital).<br><br>Mais do que pressionar decis\u00f5es imediatas, a caminhada serviu para manter uma base ativa, engajada e emocionalmente conectada \u2014 algo valioso em um ano pr\u00e9-eleitoral.<\/p>\n\n\n\n<figure class=\"wp-block-image size-full\"><img loading=\"lazy\" decoding=\"async\" width=\"400\" height=\"500\" src=\"https:\/\/dfego.news\/wp-content\/uploads\/2026\/01\/acorda_brasil_400x500.jpg\" alt=\"\" class=\"wp-image-161\" srcset=\"https:\/\/dfego.news\/wp-content\/uploads\/2026\/01\/acorda_brasil_400x500.jpg 400w, https:\/\/dfego.news\/wp-content\/uploads\/2026\/01\/acorda_brasil_400x500-240x300.jpg 240w\" sizes=\"auto, (max-width: 400px) 100vw, 400px\" \/><\/figure>\n\n\n\n<h1 class=\"wp-block-heading\"><strong>\u201cAcorda Brasil\u201d: a marcha que atravessou o pa\u00eds e colocou Bras\u00edlia no centro do debate pol\u00edtico<\/strong><\/h1>\n\n\n\n<p><strong>Bras\u00edlia \/ Minas Gerais \/ Goi\u00e1s<\/strong> \u2014 Nos \u00faltimos <strong>sete dias<\/strong>, uma marcha pol\u00edtica ganhou proje\u00e7\u00e3o nacional ao transformar centenas de quil\u00f4metros de estrada em s\u00edmbolo de mobiliza\u00e7\u00e3o, resist\u00eancia e polariza\u00e7\u00e3o. A chamada <strong>\u201cCaminhada Acorda Brasil\u201d<\/strong>, liderada pelo deputado federal <strong>Nikolas Ferreira (PL-MG)<\/strong>, rompeu trechos de Minas Gerais e Goi\u00e1s com destino \u00e0 <strong>capital federal<\/strong>, Bras\u00edlia, atraindo apoiadores, parlamentares e ampla cobertura nas redes sociais e na m\u00eddia.<\/p>\n\n\n\n<h2 class=\"wp-block-heading\"><strong>O in\u00edcio de uma caminhada com significado pol\u00edtico<\/strong><\/h2>\n\n\n\n<p>Tudo come\u00e7ou em <strong>19 de janeiro de 2026<\/strong>, quando <strong>Nikolas Ferreira<\/strong> deixou a cidade de <em>Paracatu (MG)<\/em> \u2014 acompanhado de um pequeno grupo \u2014 e come\u00e7ou a percorrer a <strong>BR-040<\/strong> rumo a Bras\u00edlia. A iniciativa ganhou o nome de <strong>\u201cAcorda Brasil\u201d<\/strong> ou, em muitos relatos, <strong>\u201cCaminhada pela Liberdade e Justi\u00e7a\u201d<\/strong>.<\/p>\n\n\n\n<p>A proposta oficial, conforme difundida pelo pr\u00f3prio grupo e por apoiadores, era protestar contra decis\u00f5es judiciais recentes, reivindicar uma suposta <strong>defesa da liberdade de express\u00e3o e de associa\u00e7\u00e3o<\/strong>, al\u00e9m de criticar a\u00e7\u00f5es do Supremo Tribunal Federal e do governo federal. A marcha tamb\u00e9m pedia anistia para os condenados pelo epis\u00f3dio dos <em>atos de 8 de janeiro de 2023<\/em>, especialmente o ex-presidente <strong>Jair Bolsonaro<\/strong>.<\/p>\n\n\n\n<p>\u2014 <strong>\u201cA Caminhada Acorda Brasil n\u00e3o \u00e9 apenas um protesto de rua; ela se insere numa narrativa maior de press\u00f5es institucionais e insatisfa\u00e7\u00e3o em setores da sociedade que se sentem representados pela direita pol\u00edtica\u201d,<\/strong> disse um colaborador da organiza\u00e7\u00e3o em v\u00eddeo publicado nas redes sociais.<\/p>\n\n\n\n<h2 class=\"wp-block-heading\"><strong>Separando o simb\u00f3lico do estrutural<\/strong><\/h2>\n\n\n\n<p>A nomenclatura \u201cAcorda Brasil\u201d circulou em discursos, camisetas e hashtags praticamente como um mantra do movimento. Para os apoiadores, esse grito representa um <strong>despertar pol\u00edtico de uma popula\u00e7\u00e3o que, segundo eles, estava adormecida diante de decis\u00f5es judiciais controversas e de uma crise institucional percebida<\/strong>.<\/p>\n\n\n\n<p>Do ponto de vista organizado, o movimento se apresenta como uma mobiliza\u00e7\u00e3o que respeita a legalidade e que defende <strong>liberdade de express\u00e3o e direitos civis<\/strong>. O site oficial destaca que o Acorda Brasil \u00e9 pac\u00edfico, ordeiro e n\u00e3o endossa viol\u00eancia, ao mesmo tempo que re\u00fane vozes contr\u00e1rias a medidas consideradas <strong>censurat\u00f3rias e injustas<\/strong>.<\/p>\n\n\n\n<h2 class=\"wp-block-heading\"><strong>No caminho: apoio pol\u00edtico e ades\u00f5es de peso<\/strong><\/h2>\n\n\n\n<p>Ao longo do trajeto, a marcha foi ganhando ades\u00f5es not\u00e1veis. <strong>Carlos Bolsonaro<\/strong>, ex-vereador e filho do ex-presidente, juntou-se ao grupo em determinado trecho, elogiando a iniciativa e refor\u00e7ando a \u201cluta pelos valores que defendem a fam\u00edlia e a p\u00e1tria\u201d.<\/p>\n\n\n\n<p>Outros parlamentares, como <strong>Gustavo Gayer (PL-GO)<\/strong>, tamb\u00e9m caminharam ao lado de Nikolas Ferreira, ampliando a visibilidade do ato. Personalidades do meio art\u00edstico e influenciadores digitais percorreram trechos e compartilharam v\u00eddeos incentivando o p\u00fablico.<\/p>\n\n\n\n<p>Em trechos do percurso havia momentos informais de f\u00e9 e ora\u00e7\u00e3o, sinalizando uma fus\u00e3o entre pautas pol\u00edticas e comunidade religiosa \u2014 um efeito que ampliou o engajamento de grupos evang\u00e9licos e conservadores ao longo da rota.<\/p>\n\n\n\n<h2 class=\"wp-block-heading\"><strong>O cl\u00edmax em Bras\u00edlia: chegada e repercuss\u00f5es<\/strong><\/h2>\n\n\n\n<p>A chegada do grupo \u00e0 <strong>Pra\u00e7a do Cruzeiro<\/strong>, em Bras\u00edlia, foi marcada pela expectativa pol\u00edtica e pela tens\u00e3o institucional. A caminhada, que percorreu aproximadamente <strong>240 quil\u00f4metros<\/strong>, foi conclu\u00edda no fim da manh\u00e3 de <strong>25 de janeiro de 2026<\/strong>, reunindo apoiadores vestidos com as cores nacionais, bandeiras do Brasil e palavras de ordem contra o que chamam de injusti\u00e7as judiciais.<\/p>\n\n\n\n<p>Pol\u00edcia Rodovi\u00e1ria Federal acompanhou o evento sem incidentes graves, e n\u00e3o foram registrados confrontos violentos. A presen\u00e7a de apoiadores foi bem percebida em v\u00eddeos e transmiss\u00f5es ao vivo \u2014 refor\u00e7ando a narrativa de um movimento com forte apelo midi\u00e1tico.<\/p>\n\n\n\n<h2 class=\"wp-block-heading\"><strong>Os contrastes do \u201cAcorda Brasil\u201d<\/strong><\/h2>\n\n\n\n<p>Apesar de sua magnitude em redes sociais e nas estradas, a caminhada n\u00e3o passou sem cr\u00edticas. Setores da <strong>sociedade civil e da imprensa<\/strong> argumentam que atos do tipo podem aprofundar a polariza\u00e7\u00e3o, colocando em risco a conviv\u00eancia democr\u00e1tica se n\u00e3o houver di\u00e1logo institucional eficaz. Especialistas em ci\u00eancia pol\u00edtica lembram que manifesta\u00e7\u00f5es s\u00e3o parte do direito constitucional, mas ressaltam a necessidade de equil\u00edbrio entre cr\u00edtica e respeito \u00e0s institui\u00e7\u00f5es.<\/p>\n\n\n\n<p>De forma paralela, publica\u00e7\u00f5es opinativas t\u00eam abordado o slogan e o pr\u00f3prio ato de formas sat\u00edricas e cr\u00edticas, evidenciando como a marcha se tornou tamb\u00e9m um <strong>s\u00edmbolo cultural e narrativo da disputa pol\u00edtica contempor\u00e2nea<\/strong>.<\/p>\n\n\n\n<h2 class=\"wp-block-heading\"><strong>O futuro depois da caminhada<\/strong><\/h2>\n\n\n\n<p>Com o encerramento simb\u00f3lico da Caminhada Acorda Brasil em Bras\u00edlia, as lideran\u00e7as j\u00e1 falam em <strong>pr\u00f3ximos passos pol\u00edticos<\/strong> e articula\u00e7\u00e3o para manter o engajamento da base. A a\u00e7\u00e3o ser\u00e1 tema de debates no Congresso, em canais digitais e no calend\u00e1rio pol\u00edtico do pa\u00eds \u2014 potencialmente influenciando campanhas, alian\u00e7as e narrativas em 2026 e al\u00e9m.<\/p>\n\n\n\n<p>O Acorda Brasil, assim, deixa de ser apenas uma marcha para se tornar um <strong>marco interpretativo da tens\u00e3o entre discursos de liberdade individual e de defesa institucional<\/strong> em um momento sens\u00edvel da hist\u00f3ria pol\u00edtica brasileira.<\/p>\n\n\n\n<figure class=\"wp-block-image size-full\"><img loading=\"lazy\" decoding=\"async\" width=\"400\" height=\"500\" src=\"https:\/\/dfego.news\/wp-content\/uploads\/2026\/01\/linha_tempo_acorda_brasil_400x500.jpg\" alt=\"\" class=\"wp-image-162\" srcset=\"https:\/\/dfego.news\/wp-content\/uploads\/2026\/01\/linha_tempo_acorda_brasil_400x500.jpg 400w, https:\/\/dfego.news\/wp-content\/uploads\/2026\/01\/linha_tempo_acorda_brasil_400x500-240x300.jpg 240w\" sizes=\"auto, (max-width: 400px) 100vw, 400px\" \/><\/figure>\n\n\n\n<h1 class=\"wp-block-heading\"><strong>\u201cA gente n\u00e3o estava marchando, estava sendo ouvido\u201d<\/strong><\/h1>\n\n\n\n<h2 class=\"wp-block-heading\">Vozes da Caminhada Acorda Brasil que n\u00e3o apareceram nos discursos<\/h2>\n\n\n\n<p><strong>Reportagem especial | DF&amp;GO News<\/strong><\/p>\n\n\n\n<p>Enquanto os holofotes se concentravam nas lideran\u00e7as pol\u00edticas e nos v\u00eddeos virais, a <strong>Caminhada Acorda Brasil<\/strong> foi sustentada por personagens que dificilmente aparecem em manchetes \u2014 mas que deram corpo, ritmo e sentido ao movimento. A reportagem ouviu participantes, apoiadores pontuais e pessoas que cruzaram o caminho da marcha para entender o que realmente motivou quem decidiu caminhar.<\/p>\n\n\n\n<h3 class=\"wp-block-heading\"><strong>O caminhoneiro que virou guia informal<\/strong><\/h3>\n\n\n\n<p><strong>Jo\u00e3o Batista<\/strong>, 46 anos, caminhoneiro aut\u00f4nomo de Goi\u00e1s, n\u00e3o estava nos planos iniciais da caminhada. Ele parou o caminh\u00e3o ao ver o grupo passando pela BR-040 e seguiu a p\u00e9 por quase 30 km.<\/p>\n\n\n\n<blockquote class=\"wp-block-quote is-layout-flow wp-block-quote-is-layout-flow\">\n<p>\u201cN\u00e3o vim por pol\u00edtico. Vim porque cansei de trabalhar e sentir que minha opini\u00e3o n\u00e3o vale nada. Caminhar foi minha forma de dizer \u2018eu existo\u2019.\u201d<\/p>\n<\/blockquote>\n\n\n\n<p>Jo\u00e3o acabou ajudando a orientar o grupo em trechos mais perigosos da rodovia, alertando sobre curvas e hor\u00e1rios de tr\u00e1fego pesado.<\/p>\n\n\n\n<h3 class=\"wp-block-heading\"><strong>A aposentada que caminhou s\u00f3 um dia \u2014 e ficou at\u00e9 o fim<\/strong><\/h3>\n\n\n\n<p><strong>Dona Maria L\u00facia<\/strong>, 68 anos, saiu de Cristalina (GO) com a inten\u00e7\u00e3o de acompanhar apenas uma manh\u00e3.<\/p>\n\n\n\n<blockquote class=\"wp-block-quote is-layout-flow wp-block-quote-is-layout-flow\">\n<p>\u201cFui pra apoiar. Quando vi, estava chorando junto, rezando junto. Aquilo mexe com a gente.\u201d<\/p>\n<\/blockquote>\n\n\n\n<p>Ela n\u00e3o completou o trajeto a p\u00e9, mas seguiu acompanhando a marcha at\u00e9 Bras\u00edlia, onde reencontrou o grupo na chegada.<\/p>\n\n\n\n<h3 class=\"wp-block-heading\"><strong>Os bastidores que n\u00e3o apareceram nas lives<\/strong><\/h3>\n\n\n\n<p>Apesar da imagem espont\u00e2nea, a caminhada contou com <strong>organiza\u00e7\u00e3o silenciosa<\/strong>:<\/p>\n\n\n\n<ul class=\"wp-block-list\">\n<li>pontos de hidrata\u00e7\u00e3o definidos previamente<\/li>\n\n\n\n<li>apoio m\u00e9dico volunt\u00e1rio<\/li>\n\n\n\n<li>rod\u00edzio de descanso para evitar exaust\u00e3o extrema<\/li>\n\n\n\n<li>equipe focada exclusivamente em redes sociais<\/li>\n<\/ul>\n\n\n\n<p>Um integrante da coordena\u00e7\u00e3o relatou que a principal preocupa\u00e7\u00e3o era <strong>evitar qualquer incidente que pudesse deslegitimar o ato<\/strong>.<\/p>\n\n\n\n<blockquote class=\"wp-block-quote is-layout-flow wp-block-quote-is-layout-flow\">\n<p>\u201cA ordem era clara: nada de confronto, nada de provoca\u00e7\u00e3o. Qualquer erro seria usado contra o movimento.\u201d<\/p>\n<\/blockquote>\n\n\n\n<h3 class=\"wp-block-heading\"><strong>A estrat\u00e9gia do sil\u00eancio<\/strong><\/h3>\n\n\n\n<p>Durante quase todo o percurso, lideran\u00e7as evitaram discursos longos. A escolha foi deliberada.<\/p>\n\n\n\n<blockquote class=\"wp-block-quote is-layout-flow wp-block-quote-is-layout-flow\">\n<p>\u201cQuanto mais se fala, mais se erra. A caminhada falava por si\u201d, disse um assessor pr\u00f3ximo \u00e0 organiza\u00e7\u00e3o.<\/p>\n<\/blockquote>\n\n\n\n<p>A imagem de cansa\u00e7o, os p\u00e9s machucados e o sol forte foram incorporados como narrativa de sacrif\u00edcio \u2014 algo que gerou alto engajamento digital.<\/p>\n\n\n\n<h3 class=\"wp-block-heading\"><strong>Quando a f\u00e9 virou ponto de encontro<\/strong><\/h3>\n\n\n\n<p>Momentos de ora\u00e7\u00e3o coletiva funcionaram como <strong>cola emocional<\/strong>. Mesmo participantes que n\u00e3o se declaravam religiosos relataram sensa\u00e7\u00e3o de pertencimento.<\/p>\n\n\n\n<blockquote class=\"wp-block-quote is-layout-flow wp-block-quote-is-layout-flow\">\n<p>\u201cAli ningu\u00e9m perguntava em quem voc\u00ea votou. S\u00f3 se voc\u00ea queria caminhar junto\u201d, contou um jovem de 22 anos, estudante, que participou do trecho final.<\/p>\n<\/blockquote>\n\n\n\n<h3 class=\"wp-block-heading\"><strong>A chegada: al\u00edvio, tens\u00e3o e sensa\u00e7\u00e3o de miss\u00e3o cumprida<\/strong><\/h3>\n\n\n\n<p>Na chegada a Bras\u00edlia, o clima n\u00e3o era de festa, mas de <strong>descarga emocional<\/strong>. Houve abra\u00e7os, choro e longos minutos de sil\u00eancio antes das falas finais.<\/p>\n\n\n\n<blockquote class=\"wp-block-quote is-layout-flow wp-block-quote-is-layout-flow\">\n<p>\u201cN\u00e3o sei se algo vai mudar amanh\u00e3. Mas hoje eu sei que n\u00e3o estou sozinho\u201d, disse um participante ao microfone improvisado.<\/p>\n<\/blockquote>\n\n\n\n<h3 class=\"wp-block-heading\"><strong>O que especialistas veem no p\u00f3s-caminhada<\/strong><\/h3>\n\n\n\n<p>Para analistas pol\u00edticos ouvidos pela reportagem, a Caminhada Acorda Brasil marca uma <strong>nova fase da mobiliza\u00e7\u00e3o conservadora<\/strong>:<\/p>\n\n\n\n<ul class=\"wp-block-list\">\n<li>menos dependente de grandes atos<\/li>\n\n\n\n<li>mais baseada em narrativa cont\u00ednua<\/li>\n\n\n\n<li>altamente adaptada \u00e0s redes sociais<\/li>\n\n\n\n<li>com forte apelo simb\u00f3lico<\/li>\n<\/ul>\n\n\n\n<blockquote class=\"wp-block-quote is-layout-flow wp-block-quote-is-layout-flow\">\n<p>\u201c\u00c9 um modelo que pode ser replicado. N\u00e3o precisa de multid\u00e3o, precisa de hist\u00f3ria\u201d, avalia um pesquisador da \u00e1rea de comunica\u00e7\u00e3o pol\u00edtica.<\/p>\n<\/blockquote>\n\n\n\n<hr class=\"wp-block-separator has-alpha-channel-opacity\"\/>\n\n\n\n<h2 class=\"wp-block-heading\"><strong>Conclus\u00e3o<\/strong><\/h2>\n\n\n\n<p>A Caminhada Acorda Brasil n\u00e3o terminou quando os p\u00e9s pararam. Ela segue ativa como <strong>s\u00edmbolo<\/strong>, <strong>discurso<\/strong> e <strong>ferramenta de mobiliza\u00e7\u00e3o<\/strong>. Para seus apoiadores, foi um despertar. Para cr\u00edticos, um alerta. Para o pa\u00eds, mais um cap\u00edtulo da disputa pelo sentido da democracia nas ruas.<\/p>\n","protected":false},"excerpt":{"rendered":"<p>Reportagem especial | DF&amp;GO News Quando os primeiros passos foram dados ainda de madrugada, na sa\u00edda de Paracatu (MG), poucos&hellip;<\/p>\n","protected":false},"author":3,"featured_media":0,"comment_status":"open","ping_status":"open","sticky":false,"template":"","format":"standard","meta":{"footnotes":""},"categories":[1],"tags":[],"class_list":["post-155","post","type-post","status-publish","format-standard","hentry","category-uncategorized"],"_links":{"self":[{"href":"https:\/\/dfego.news\/index.php\/wp-json\/wp\/v2\/posts\/155","targetHints":{"allow":["GET"]}}],"collection":[{"href":"https:\/\/dfego.news\/index.php\/wp-json\/wp\/v2\/posts"}],"about":[{"href":"https:\/\/dfego.news\/index.php\/wp-json\/wp\/v2\/types\/post"}],"author":[{"embeddable":true,"href":"https:\/\/dfego.news\/index.php\/wp-json\/wp\/v2\/users\/3"}],"replies":[{"embeddable":true,"href":"https:\/\/dfego.news\/index.php\/wp-json\/wp\/v2\/comments?post=155"}],"version-history":[{"count":2,"href":"https:\/\/dfego.news\/index.php\/wp-json\/wp\/v2\/posts\/155\/revisions"}],"predecessor-version":[{"id":163,"href":"https:\/\/dfego.news\/index.php\/wp-json\/wp\/v2\/posts\/155\/revisions\/163"}],"wp:attachment":[{"href":"https:\/\/dfego.news\/index.php\/wp-json\/wp\/v2\/media?parent=155"}],"wp:term":[{"taxonomy":"category","embeddable":true,"href":"https:\/\/dfego.news\/index.php\/wp-json\/wp\/v2\/categories?post=155"},{"taxonomy":"post_tag","embeddable":true,"href":"https:\/\/dfego.news\/index.php\/wp-json\/wp\/v2\/tags?post=155"}],"curies":[{"name":"wp","href":"https:\/\/api.w.org\/{rel}","templated":true}]}}