{"id":181,"date":"2026-02-03T14:37:29","date_gmt":"2026-02-03T14:37:29","guid":{"rendered":"https:\/\/dfego.news\/?p=181"},"modified":"2026-02-03T14:37:29","modified_gmt":"2026-02-03T14:37:29","slug":"ibaneis-nao-comparece-a-cpi-e-senado-suspende-audiencia","status":"publish","type":"post","link":"https:\/\/dfego.news\/index.php\/2026\/02\/03\/ibaneis-nao-comparece-a-cpi-e-senado-suspende-audiencia\/","title":{"rendered":"Ibaneis n\u00e3o comparece \u00e0 CPI e Senado suspende audi\u00eancia"},"content":{"rendered":"\n<p>Governador do DF n\u00e3o compareceu ao Senado e presidente da comiss\u00e3o avalia convoca\u00e7\u00e3o formal ap\u00f3s impasse sobre representa\u00e7\u00e3o<\/p>\n\n\n\n<p>A Comiss\u00e3o Parlamentar de Inqu\u00e9rito que apura a atua\u00e7\u00e3o do crime organizado no pa\u00eds suspendeu a sess\u00e3o prevista para esta ter\u00e7a-feira (3), no Senado, ap\u00f3s a aus\u00eancia do governador do Distrito Federal, Ibaneis Rocha (MDB).<\/p>\n\n\n\n<p>O chefe do Executivo local havia sido chamado a prestar esclarecimentos, mas n\u00e3o compareceu pessoalmente. Em comunica\u00e7\u00e3o enviada \u00e0 presid\u00eancia da CPI, Ibaneis indicou que seria representado por integrantes da Secretaria de Seguran\u00e7a P\u00fablica do DF. No entanto, a comiss\u00e3o considerou inadequada a representa\u00e7\u00e3o apresentada, j\u00e1 que quem esteve no local foi o secret\u00e1rio-executivo da pasta, Alexandre Patury, e n\u00e3o o titular inicialmente informado.<\/p>\n\n\n\n<p>Diante do impasse, o presidente do colegiado, senador Fabiano Contarato (PT), sinalizou que deve formalizar um pedido de <strong>convoca\u00e7\u00e3o<\/strong>, instrumento que transforma o comparecimento em obriga\u00e7\u00e3o legal.<\/p>\n\n\n\n<p>A presen\u00e7a de Ibaneis passou a ser considerada priorit\u00e1ria ap\u00f3s o governador ser citado em depoimento \u00e0 Pol\u00edcia Federal pelo banqueiro Daniel Vorcaro, fundador do Banco Master. Segundo o empres\u00e1rio, encontros com o governador teriam ocorrido para tratar de negocia\u00e7\u00f5es envolvendo ativos do banco e o BRB (Banco de Bras\u00edlia).<\/p>\n\n\n\n<p>Esta n\u00e3o foi a primeira tentativa de ouvir o governador. Um convite semelhante j\u00e1 havia sido feito em novembro do ano passado, sem que o depoimento se concretizasse.<\/p>\n\n\n\n<p>Criada em setembro, a CPI foi instalada na esteira de uma grande opera\u00e7\u00e3o policial realizada em comunidades do Rio de Janeiro, que resultou em mais de uma centena de mortes. O foco da comiss\u00e3o \u00e9 mapear a estrutura, as fontes de financiamento e os m\u00e9todos de atua\u00e7\u00e3o de fac\u00e7\u00f5es criminosas e mil\u00edcias, al\u00e9m de discutir propostas para enfrentamento desses grupos.<\/p>\n\n\n\n<p>O colegiado ter\u00e1 120 dias de funcionamento e um teto de gastos estimado em R$ 30 mil.<\/p>\n\n\n\n<p><\/p>\n","protected":false},"excerpt":{"rendered":"<p>Governador do DF n\u00e3o compareceu ao Senado e presidente da comiss\u00e3o avalia convoca\u00e7\u00e3o formal ap\u00f3s impasse sobre representa\u00e7\u00e3o A Comiss\u00e3o&hellip;<\/p>\n","protected":false},"author":2,"featured_media":169,"comment_status":"open","ping_status":"open","sticky":false,"template":"","format":"standard","meta":{"footnotes":""},"categories":[1],"tags":[],"class_list":["post-181","post","type-post","status-publish","format-standard","has-post-thumbnail","hentry","category-uncategorized"],"_links":{"self":[{"href":"https:\/\/dfego.news\/index.php\/wp-json\/wp\/v2\/posts\/181","targetHints":{"allow":["GET"]}}],"collection":[{"href":"https:\/\/dfego.news\/index.php\/wp-json\/wp\/v2\/posts"}],"about":[{"href":"https:\/\/dfego.news\/index.php\/wp-json\/wp\/v2\/types\/post"}],"author":[{"embeddable":true,"href":"https:\/\/dfego.news\/index.php\/wp-json\/wp\/v2\/users\/2"}],"replies":[{"embeddable":true,"href":"https:\/\/dfego.news\/index.php\/wp-json\/wp\/v2\/comments?post=181"}],"version-history":[{"count":1,"href":"https:\/\/dfego.news\/index.php\/wp-json\/wp\/v2\/posts\/181\/revisions"}],"predecessor-version":[{"id":182,"href":"https:\/\/dfego.news\/index.php\/wp-json\/wp\/v2\/posts\/181\/revisions\/182"}],"wp:featuredmedia":[{"embeddable":true,"href":"https:\/\/dfego.news\/index.php\/wp-json\/wp\/v2\/media\/169"}],"wp:attachment":[{"href":"https:\/\/dfego.news\/index.php\/wp-json\/wp\/v2\/media?parent=181"}],"wp:term":[{"taxonomy":"category","embeddable":true,"href":"https:\/\/dfego.news\/index.php\/wp-json\/wp\/v2\/categories?post=181"},{"taxonomy":"post_tag","embeddable":true,"href":"https:\/\/dfego.news\/index.php\/wp-json\/wp\/v2\/tags?post=181"}],"curies":[{"name":"wp","href":"https:\/\/api.w.org\/{rel}","templated":true}]}}