{"id":198,"date":"2026-04-01T14:14:01","date_gmt":"2026-04-01T14:14:01","guid":{"rendered":"https:\/\/dfego.news\/?p=198"},"modified":"2026-04-01T14:14:01","modified_gmt":"2026-04-01T14:14:01","slug":"sem-mudancas-na-alerj-eleicao-para-presidencia-segue-anulada","status":"publish","type":"post","link":"https:\/\/dfego.news\/index.php\/2026\/04\/01\/sem-mudancas-na-alerj-eleicao-para-presidencia-segue-anulada\/","title":{"rendered":"Sem mudan\u00e7as na Alerj, elei\u00e7\u00e3o para presid\u00eancia segue anulada"},"content":{"rendered":"\n<p>A revis\u00e3o dos votos das elei\u00e7\u00f5es de 2022 feita pelo TRE-RJ n\u00e3o provocou mudan\u00e7as na Assembleia Legislativa do Rio. A composi\u00e7\u00e3o da Alerj permaneceu igual, sem entrada de novos parlamentares.<\/p>\n\n\n\n<p>Essa recontagem era aguardada porque uma decis\u00e3o da Justi\u00e7a havia suspendido a elei\u00e7\u00e3o recente para a presid\u00eancia da Casa. O entendimento era de que o pleito interno s\u00f3 deveria ocorrer ap\u00f3s a confirma\u00e7\u00e3o oficial dos resultados eleitorais.<\/p>\n\n\n\n<p>A hip\u00f3tese considerada era de que a retotaliza\u00e7\u00e3o pudesse alterar o n\u00famero de deputados, o que impactaria diretamente a disputa pelo comando da Assembleia.<\/p>\n\n\n\n<p>No entanto, com a manuten\u00e7\u00e3o do quadro atual, todos os parlamentares seguem com seus mandatos v\u00e1lidos.<\/p>\n\n\n\n<p>Apesar disso, a elei\u00e7\u00e3o para a presid\u00eancia continua sem efeito, j\u00e1 que foi realizada antes da etapa considerada obrigat\u00f3ria pela Justi\u00e7a.<\/p>\n\n\n\n<p>Agora, a tend\u00eancia \u00e9 que um novo processo eleitoral interno seja convocado ou que o Judici\u00e1rio reavalie a situa\u00e7\u00e3o \u00e0 luz do resultado mantido.<\/p>\n","protected":false},"excerpt":{"rendered":"<p>A revis\u00e3o dos votos das elei\u00e7\u00f5es de 2022 feita pelo TRE-RJ n\u00e3o provocou mudan\u00e7as na Assembleia Legislativa do Rio. A&hellip;<\/p>\n","protected":false},"author":2,"featured_media":0,"comment_status":"open","ping_status":"open","sticky":false,"template":"","format":"standard","meta":{"footnotes":""},"categories":[2],"tags":[],"class_list":["post-198","post","type-post","status-publish","format-standard","hentry","category-brasil"],"_links":{"self":[{"href":"https:\/\/dfego.news\/index.php\/wp-json\/wp\/v2\/posts\/198","targetHints":{"allow":["GET"]}}],"collection":[{"href":"https:\/\/dfego.news\/index.php\/wp-json\/wp\/v2\/posts"}],"about":[{"href":"https:\/\/dfego.news\/index.php\/wp-json\/wp\/v2\/types\/post"}],"author":[{"embeddable":true,"href":"https:\/\/dfego.news\/index.php\/wp-json\/wp\/v2\/users\/2"}],"replies":[{"embeddable":true,"href":"https:\/\/dfego.news\/index.php\/wp-json\/wp\/v2\/comments?post=198"}],"version-history":[{"count":1,"href":"https:\/\/dfego.news\/index.php\/wp-json\/wp\/v2\/posts\/198\/revisions"}],"predecessor-version":[{"id":199,"href":"https:\/\/dfego.news\/index.php\/wp-json\/wp\/v2\/posts\/198\/revisions\/199"}],"wp:attachment":[{"href":"https:\/\/dfego.news\/index.php\/wp-json\/wp\/v2\/media?parent=198"}],"wp:term":[{"taxonomy":"category","embeddable":true,"href":"https:\/\/dfego.news\/index.php\/wp-json\/wp\/v2\/categories?post=198"},{"taxonomy":"post_tag","embeddable":true,"href":"https:\/\/dfego.news\/index.php\/wp-json\/wp\/v2\/tags?post=198"}],"curies":[{"name":"wp","href":"https:\/\/api.w.org\/{rel}","templated":true}]}}