{"id":45,"date":"2026-01-07T00:31:24","date_gmt":"2026-01-07T00:31:24","guid":{"rendered":"https:\/\/dfego.news\/?p=45"},"modified":"2026-01-07T00:32:23","modified_gmt":"2026-01-07T00:32:23","slug":"apos-mais-de-11-horas-estacoes-do-metro-do-df-na-asa-sul-seguem-fechadas","status":"publish","type":"post","link":"https:\/\/dfego.news\/index.php\/2026\/01\/07\/apos-mais-de-11-horas-estacoes-do-metro-do-df-na-asa-sul-seguem-fechadas\/","title":{"rendered":"Ap\u00f3s mais de 11 horas, esta\u00e7\u00f5es do Metr\u00f4 do DF na Asa Sul seguem fechadas"},"content":{"rendered":"\n<h2 class=\"wp-block-heading\">Segundo metropolitano, at\u00e9 que seja normalizado o sistema, as esta\u00e7\u00f5es entre 114 Sul e Central estar\u00e3o fechadas. Esta\u00e7\u00e3o Asa Sul funciona como terminal desde 9h45.<\/h2>\n\n\n\n<p>Por&nbsp;<a href=\"https:\/\/g1.globo.com\/autores\/redacao-g1\/\">Reda\u00e7\u00e3o g1<\/a>, g1 DF&nbsp;\u2014 Bras\u00edlia<\/p>\n\n\n\n<p>O problema ocorreu ap\u00f3s uma falha t\u00e9cnica em um ve\u00edculo de manuten\u00e7\u00e3o do metr\u00f4, ainda pela manh\u00e3. Sem solu\u00e7\u00e3o, a pane deve impactar a volta para casa nesta ter\u00e7a<\/p>\n\n\n\n<p>fonte: g1.globo.com<\/p>\n","protected":false},"excerpt":{"rendered":"<p>Segundo metropolitano, at\u00e9 que seja normalizado o sistema, as esta\u00e7\u00f5es entre 114 Sul e Central estar\u00e3o fechadas. Esta\u00e7\u00e3o Asa Sul&hellip;<\/p>\n","protected":false},"author":2,"featured_media":46,"comment_status":"open","ping_status":"open","sticky":false,"template":"","format":"standard","meta":{"footnotes":""},"categories":[4],"tags":[],"class_list":["post-45","post","type-post","status-publish","format-standard","has-post-thumbnail","hentry","category-brasilia"],"_links":{"self":[{"href":"https:\/\/dfego.news\/index.php\/wp-json\/wp\/v2\/posts\/45","targetHints":{"allow":["GET"]}}],"collection":[{"href":"https:\/\/dfego.news\/index.php\/wp-json\/wp\/v2\/posts"}],"about":[{"href":"https:\/\/dfego.news\/index.php\/wp-json\/wp\/v2\/types\/post"}],"author":[{"embeddable":true,"href":"https:\/\/dfego.news\/index.php\/wp-json\/wp\/v2\/users\/2"}],"replies":[{"embeddable":true,"href":"https:\/\/dfego.news\/index.php\/wp-json\/wp\/v2\/comments?post=45"}],"version-history":[{"count":2,"href":"https:\/\/dfego.news\/index.php\/wp-json\/wp\/v2\/posts\/45\/revisions"}],"predecessor-version":[{"id":48,"href":"https:\/\/dfego.news\/index.php\/wp-json\/wp\/v2\/posts\/45\/revisions\/48"}],"wp:featuredmedia":[{"embeddable":true,"href":"https:\/\/dfego.news\/index.php\/wp-json\/wp\/v2\/media\/46"}],"wp:attachment":[{"href":"https:\/\/dfego.news\/index.php\/wp-json\/wp\/v2\/media?parent=45"}],"wp:term":[{"taxonomy":"category","embeddable":true,"href":"https:\/\/dfego.news\/index.php\/wp-json\/wp\/v2\/categories?post=45"},{"taxonomy":"post_tag","embeddable":true,"href":"https:\/\/dfego.news\/index.php\/wp-json\/wp\/v2\/tags?post=45"}],"curies":[{"name":"wp","href":"https:\/\/api.w.org\/{rel}","templated":true}]}}