{"id":53,"date":"2026-01-07T11:38:29","date_gmt":"2026-01-07T11:38:29","guid":{"rendered":"https:\/\/dfego.news\/?p=53"},"modified":"2026-01-07T11:38:29","modified_gmt":"2026-01-07T11:38:29","slug":"presidente-interina-da-venezuela-ja-comemorou-liberdade-de-lula-e-ironizou-derrota-de-bolsonaro","status":"publish","type":"post","link":"https:\/\/dfego.news\/index.php\/2026\/01\/07\/presidente-interina-da-venezuela-ja-comemorou-liberdade-de-lula-e-ironizou-derrota-de-bolsonaro\/","title":{"rendered":"Presidente interina da Venezuela j\u00e1 comemorou liberdade de Lula e ironizou derrota de Bolsonaro"},"content":{"rendered":"\n<p>Hist\u00f3ria de&nbsp;Jo\u00e3o Pedro Bitencourt<\/p>\n\n\n\n<p>A presidente interina da\u00a0<a href=\"https:\/\/www.estadao.com.br\/tudo-sobre\/venezuela-america-do-sul\/\" target=\"_blank\" rel=\"noreferrer noopener\"><strong>Venezuela<\/strong><\/a>,\u00a0<a href=\"https:\/\/www.estadao.com.br\/tudo-sobre\/delcy-rodriguez\/\" target=\"_blank\" rel=\"noreferrer noopener\"><strong>Delcy Rodr\u00edguez<\/strong><\/a>, j\u00e1 se posicionou publicamente nas redes sociais sobre epis\u00f3dios passados da pol\u00edtica brasileira. Integrante do regime chavista, ela manifestou apoio ao presidente\u00a0<a href=\"https:\/\/www.estadao.com.br\/tudo-sobre\/lula-luiz-inacio-lula-da-silva\/\" target=\"_blank\" rel=\"noreferrer noopener\"><strong>Luiz In\u00e1cio Lula da Silva<\/strong><\/a>\u00a0(PT) e fez cr\u00edticas aos ex-presidentes\u00a0<a href=\"https:\/\/www.estadao.com.br\/tudo-sobre\/jair-bolsonaro\/\" target=\"_blank\" rel=\"noreferrer noopener\"><strong>Jair Bolsonaro<\/strong><\/a>\u00a0(PL) e\u00a0<a href=\"https:\/\/www.estadao.com.br\/tudo-sobre\/michel-temer\/\" target=\"_blank\" rel=\"noreferrer noopener\"><strong>Michel Temer<\/strong><\/a>\u00a0(MDB)<\/p>\n\n\n\n<p>fonte: www.msn.com<\/p>\n","protected":false},"excerpt":{"rendered":"<p>Hist\u00f3ria de&nbsp;Jo\u00e3o Pedro Bitencourt A presidente interina da\u00a0Venezuela,\u00a0Delcy Rodr\u00edguez, j\u00e1 se posicionou publicamente nas redes sociais sobre epis\u00f3dios passados da&hellip;<\/p>\n","protected":false},"author":2,"featured_media":54,"comment_status":"open","ping_status":"open","sticky":false,"template":"","format":"standard","meta":{"footnotes":""},"categories":[6],"tags":[],"class_list":["post-53","post","type-post","status-publish","format-standard","has-post-thumbnail","hentry","category-mundo"],"_links":{"self":[{"href":"https:\/\/dfego.news\/index.php\/wp-json\/wp\/v2\/posts\/53","targetHints":{"allow":["GET"]}}],"collection":[{"href":"https:\/\/dfego.news\/index.php\/wp-json\/wp\/v2\/posts"}],"about":[{"href":"https:\/\/dfego.news\/index.php\/wp-json\/wp\/v2\/types\/post"}],"author":[{"embeddable":true,"href":"https:\/\/dfego.news\/index.php\/wp-json\/wp\/v2\/users\/2"}],"replies":[{"embeddable":true,"href":"https:\/\/dfego.news\/index.php\/wp-json\/wp\/v2\/comments?post=53"}],"version-history":[{"count":1,"href":"https:\/\/dfego.news\/index.php\/wp-json\/wp\/v2\/posts\/53\/revisions"}],"predecessor-version":[{"id":55,"href":"https:\/\/dfego.news\/index.php\/wp-json\/wp\/v2\/posts\/53\/revisions\/55"}],"wp:featuredmedia":[{"embeddable":true,"href":"https:\/\/dfego.news\/index.php\/wp-json\/wp\/v2\/media\/54"}],"wp:attachment":[{"href":"https:\/\/dfego.news\/index.php\/wp-json\/wp\/v2\/media?parent=53"}],"wp:term":[{"taxonomy":"category","embeddable":true,"href":"https:\/\/dfego.news\/index.php\/wp-json\/wp\/v2\/categories?post=53"},{"taxonomy":"post_tag","embeddable":true,"href":"https:\/\/dfego.news\/index.php\/wp-json\/wp\/v2\/tags?post=53"}],"curies":[{"name":"wp","href":"https:\/\/api.w.org\/{rel}","templated":true}]}}