{"id":91,"date":"2026-01-14T01:19:50","date_gmt":"2026-01-14T01:19:50","guid":{"rendered":"https:\/\/dfego.news\/?p=91"},"modified":"2026-01-14T01:19:50","modified_gmt":"2026-01-14T01:19:50","slug":"escalada-de-tensao-entre-ira-e-estados-unidos-em-meio-a-repressao-interna-e-ameaca-de-conflito-armado","status":"publish","type":"post","link":"https:\/\/dfego.news\/index.php\/2026\/01\/14\/escalada-de-tensao-entre-ira-e-estados-unidos-em-meio-a-repressao-interna-e-ameaca-de-conflito-armado\/","title":{"rendered":"Escalada de tens\u00e3o entre Ir\u00e3 e Estados Unidos em meio \u00e0 repress\u00e3o interna e amea\u00e7a de conflito armado"},"content":{"rendered":"\n<h3 class=\"wp-block-heading\">Ir\u00e3 eleva tom militar ap\u00f3s repress\u00e3o a protestos e amea\u00e7a dos EUA<\/h3>\n\n\n\n<p>O Ir\u00e3 afirmou estar preparado para um eventual conflito armado ap\u00f3s a repress\u00e3o violenta a protestos que deixaram mais de 600 mortos em diferentes regi\u00f5es do pa\u00eds. O alerta foi feito pelo ministro das Rela\u00e7\u00f5es Exteriores, Abbas Araghchi, que declarou que Teer\u00e3 n\u00e3o busca uma guerra, mas est\u00e1 pronta para enfrent\u00e1-la, inclusive em condi\u00e7\u00f5es mais avan\u00e7adas do que em confrontos anteriores.<\/p>\n\n\n\n<p>A tens\u00e3o aumentou ap\u00f3s declara\u00e7\u00f5es do presidente dos Estados Unidos, Donald Trump, que prometeu uma rea\u00e7\u00e3o \u201cmuito dura\u201d contra o regime dos aiatol\u00e1s diante da morte de manifestantes. Em publica\u00e7\u00e3o na rede Truth Social, Trump afirmou que o Ir\u00e3 vive um momento in\u00e9dito de busca por liberdade e disse que Washington estaria disposto a apoiar a popula\u00e7\u00e3o.<\/p>\n\n\n\n<p>Nesta segunda-feira (12\/1), a Casa Branca informou que n\u00e3o descarta a realiza\u00e7\u00e3o de ataques a\u00e9reos contra alvos em Teer\u00e3, embora tenha ressaltado que a prioridade segue sendo uma solu\u00e7\u00e3o diplom\u00e1tica. Trump tamb\u00e9m anunciou a inten\u00e7\u00e3o de impor tarifas de 25% a pa\u00edses que mantenham com\u00e9rcio com o Ir\u00e3.<\/p>\n\n\n\n<p>Os protestos come\u00e7aram em 28 de dezembro, motivados pelo aumento do custo de vida, e evolu\u00edram para um movimento de contesta\u00e7\u00e3o direta ao regime isl\u00e2mico, no poder desde 1979. Mesmo com o bloqueio da internet, v\u00eddeos vazados mostram grandes manifesta\u00e7\u00f5es e imagens de corpos em centros forenses, cuja autenticidade foi confirmada por ag\u00eancias internacionais.<\/p>\n","protected":false},"excerpt":{"rendered":"<p>Ir\u00e3 eleva tom militar ap\u00f3s repress\u00e3o a protestos e amea\u00e7a dos EUA O Ir\u00e3 afirmou estar preparado para um eventual&hellip;<\/p>\n","protected":false},"author":2,"featured_media":92,"comment_status":"open","ping_status":"open","sticky":false,"template":"","format":"standard","meta":{"footnotes":""},"categories":[6],"tags":[],"class_list":["post-91","post","type-post","status-publish","format-standard","has-post-thumbnail","hentry","category-mundo"],"_links":{"self":[{"href":"https:\/\/dfego.news\/index.php\/wp-json\/wp\/v2\/posts\/91","targetHints":{"allow":["GET"]}}],"collection":[{"href":"https:\/\/dfego.news\/index.php\/wp-json\/wp\/v2\/posts"}],"about":[{"href":"https:\/\/dfego.news\/index.php\/wp-json\/wp\/v2\/types\/post"}],"author":[{"embeddable":true,"href":"https:\/\/dfego.news\/index.php\/wp-json\/wp\/v2\/users\/2"}],"replies":[{"embeddable":true,"href":"https:\/\/dfego.news\/index.php\/wp-json\/wp\/v2\/comments?post=91"}],"version-history":[{"count":1,"href":"https:\/\/dfego.news\/index.php\/wp-json\/wp\/v2\/posts\/91\/revisions"}],"predecessor-version":[{"id":93,"href":"https:\/\/dfego.news\/index.php\/wp-json\/wp\/v2\/posts\/91\/revisions\/93"}],"wp:featuredmedia":[{"embeddable":true,"href":"https:\/\/dfego.news\/index.php\/wp-json\/wp\/v2\/media\/92"}],"wp:attachment":[{"href":"https:\/\/dfego.news\/index.php\/wp-json\/wp\/v2\/media?parent=91"}],"wp:term":[{"taxonomy":"category","embeddable":true,"href":"https:\/\/dfego.news\/index.php\/wp-json\/wp\/v2\/categories?post=91"},{"taxonomy":"post_tag","embeddable":true,"href":"https:\/\/dfego.news\/index.php\/wp-json\/wp\/v2\/tags?post=91"}],"curies":[{"name":"wp","href":"https:\/\/api.w.org\/{rel}","templated":true}]}}