{"id":99,"date":"2026-01-14T22:32:12","date_gmt":"2026-01-14T22:32:12","guid":{"rendered":"https:\/\/dfego.news\/?p=99"},"modified":"2026-01-14T22:32:49","modified_gmt":"2026-01-14T22:32:49","slug":"eduardo-bolsonaro-critica-governo-lula-apos-restricao-de-vistos-para-brasileiros-nos-eua","status":"publish","type":"post","link":"https:\/\/dfego.news\/index.php\/2026\/01\/14\/eduardo-bolsonaro-critica-governo-lula-apos-restricao-de-vistos-para-brasileiros-nos-eua\/","title":{"rendered":"Eduardo Bolsonaro critica governo Lula ap\u00f3s restri\u00e7\u00e3o de vistos para brasileiros nos EUA"},"content":{"rendered":"\n<p>Investigado no Supremo Tribunal Federal (STF) por coa\u00e7\u00e3o no andamento de um processo ligado \u00e0s investiga\u00e7\u00f5es sobre a tentativa de ruptura institucional, o ex-deputado federal Eduardo Bolsonaro (PL-SP) direcionou novas cr\u00edticas ao presidente Luiz In\u00e1cio Lula da Silva (PT) e ao diplomata Celso Amorim, respons\u00e1vel pela assessoria internacional da Presid\u00eancia.<\/p>\n\n\n\n<p>O filho do ex-presidente Jair Bolsonaro afirmou que a recente decis\u00e3o do governo dos Estados Unidos de interromper a concess\u00e3o de vistos de imigra\u00e7\u00e3o a brasileiros estaria relacionada \u00e0 condu\u00e7\u00e3o da pol\u00edtica externa brasileira. Na avalia\u00e7\u00e3o do ex-parlamentar, falhas diplom\u00e1ticas teriam provocado desgaste nas rela\u00e7\u00f5es com Washington.<\/p>\n\n\n\n<p>O an\u00fancio foi feito nesta quarta-feira (14\/1) pelo Departamento de Estado norte-americano, ainda sob a gest\u00e3o do presidente Donald Trump. As autoridades esclareceram que a restri\u00e7\u00e3o n\u00e3o se aplica aos pedidos de visto para turismo, que seguem sendo processados normalmente.<\/p>\n\n\n\n<p>As declara\u00e7\u00f5es ocorrem em um momento de forte embate pol\u00edtico, enquanto Eduardo Bolsonaro enfrenta questionamentos judiciais no STF por sua atua\u00e7\u00e3o em epis\u00f3dios investigados pela Corte.<\/p>\n","protected":false},"excerpt":{"rendered":"<p>Investigado no Supremo Tribunal Federal (STF) por coa\u00e7\u00e3o no andamento de um processo ligado \u00e0s investiga\u00e7\u00f5es sobre a tentativa de&hellip;<\/p>\n","protected":false},"author":2,"featured_media":96,"comment_status":"open","ping_status":"open","sticky":false,"template":"","format":"standard","meta":{"footnotes":""},"categories":[2],"tags":[],"class_list":["post-99","post","type-post","status-publish","format-standard","has-post-thumbnail","hentry","category-brasil"],"_links":{"self":[{"href":"https:\/\/dfego.news\/index.php\/wp-json\/wp\/v2\/posts\/99","targetHints":{"allow":["GET"]}}],"collection":[{"href":"https:\/\/dfego.news\/index.php\/wp-json\/wp\/v2\/posts"}],"about":[{"href":"https:\/\/dfego.news\/index.php\/wp-json\/wp\/v2\/types\/post"}],"author":[{"embeddable":true,"href":"https:\/\/dfego.news\/index.php\/wp-json\/wp\/v2\/users\/2"}],"replies":[{"embeddable":true,"href":"https:\/\/dfego.news\/index.php\/wp-json\/wp\/v2\/comments?post=99"}],"version-history":[{"count":1,"href":"https:\/\/dfego.news\/index.php\/wp-json\/wp\/v2\/posts\/99\/revisions"}],"predecessor-version":[{"id":100,"href":"https:\/\/dfego.news\/index.php\/wp-json\/wp\/v2\/posts\/99\/revisions\/100"}],"wp:featuredmedia":[{"embeddable":true,"href":"https:\/\/dfego.news\/index.php\/wp-json\/wp\/v2\/media\/96"}],"wp:attachment":[{"href":"https:\/\/dfego.news\/index.php\/wp-json\/wp\/v2\/media?parent=99"}],"wp:term":[{"taxonomy":"category","embeddable":true,"href":"https:\/\/dfego.news\/index.php\/wp-json\/wp\/v2\/categories?post=99"},{"taxonomy":"post_tag","embeddable":true,"href":"https:\/\/dfego.news\/index.php\/wp-json\/wp\/v2\/tags?post=99"}],"curies":[{"name":"wp","href":"https:\/\/api.w.org\/{rel}","templated":true}]}}